{"id":30980,"date":"2024-11-26T17:22:18","date_gmt":"2024-11-26T16:22:18","guid":{"rendered":"https:\/\/www.saporinostri.it\/?p=30980"},"modified":"2024-11-26T17:27:07","modified_gmt":"2024-11-26T16:27:07","slug":"ricetta-vellutata-di-finocchi-patate-porri-e-aceto-balsamico","status":"publish","type":"post","link":"https:\/\/www.saporinostri.it\/de\/ricetta-vellutata-di-finocchi-patate-porri-e-aceto-balsamico\/","title":{"rendered":"Samtige Suppe aus Fenchel, Kartoffeln, Lauch und Balsamico-Essig"},"content":{"rendered":"\t\t<div data-elementor-type=\"wp-post\" data-elementor-id=\"30980\" class=\"elementor elementor-30980\" data-elementor-post-type=\"post\">\n\t\t\t\t\t\t<section class=\"elementor-section elementor-top-section elementor-element elementor-element-6cf77747 elementor-section-boxed elementor-section-height-default elementor-section-height-default\" data-id=\"6cf77747\" data-element_type=\"section\" data-e-type=\"section\">\n\t\t\t\t\t\t<div class=\"elementor-container elementor-column-gap-default\">\n\t\t\t\t\t<div class=\"elementor-column elementor-col-100 elementor-top-column elementor-element elementor-element-1f261332\" data-id=\"1f261332\" data-element_type=\"column\" data-e-type=\"column\">\n\t\t\t<div class=\"elementor-widget-wrap elementor-element-populated\">\n\t\t\t\t\t\t<div class=\"elementor-element elementor-element-0359fca elementor-widget elementor-widget-wprm-recipe\" data-id=\"0359fca\" data-element_type=\"widget\" data-e-type=\"widget\" data-widget_type=\"wprm-recipe.default\">\n\t\t\t\t<div class=\"elementor-widget-container\">\n\t\t\t\t\t<div id=\"recipe\"><\/div><div id=\"wprm-recipe-container-28835\" class=\"wprm-recipe-container\" data-recipe-id=\"28835\" data-servings=\"4\"><div class=\"wprm-recipe wprm-recipe-template-chic\"><div class=\"wprm-container-float-right\">\n    <div class=\"wprm-recipe-image wprm-block-image-rounded\"><img fetchpriority=\"high\" decoding=\"async\" style=\"border-width: 0px;border-style: solid;border-color: #666666;border-radius: 3px;\" width=\"250\" height=\"250\" src=\"https:\/\/www.saporinostri.it\/wp-content\/uploads\/2024\/06\/vellutata_finocchi_IMG_5091-scrittal-840x340-1-300x300.jpg\" class=\"attachment-250x250 size-250x250\" alt=\"\" srcset=\"https:\/\/www.saporinostri.it\/wp-content\/uploads\/2024\/06\/vellutata_finocchi_IMG_5091-scrittal-840x340-1-300x300.jpg 300w, https:\/\/www.saporinostri.it\/wp-content\/uploads\/2024\/06\/vellutata_finocchi_IMG_5091-scrittal-840x340-1-150x150.jpg 150w, https:\/\/www.saporinostri.it\/wp-content\/uploads\/2024\/06\/vellutata_finocchi_IMG_5091-scrittal-840x340-1-70x70.jpg 70w, https:\/\/www.saporinostri.it\/wp-content\/uploads\/2024\/06\/vellutata_finocchi_IMG_5091-scrittal-840x340-1-100x100.jpg 100w\" sizes=\"(max-width: 250px) 100vw, 250px\" \/><\/div>\n<\/div>\n<h2 class=\"wprm-recipe-name wprm-block-text-bold\">Vellutata di finocchi, patate, porri e Aceto Balsamico Tradizionale<\/h2>\n<div class=\"wprm-spacer\"><\/div>\n\n<div class=\"wprm-spacer\"><\/div>\n<div class=\"wprm-recipe-summary wprm-block-text-normal\"><span style=\"display: block;\">La<strong> Vellutata<\/strong> \u00e8 la salsa calda per eccellenza.  <\/span><div class=\"wprm-spacer\"><\/div><span style=\"display: block;\">Nasce per guarnire ed insaporire piatti di carne ma ben presto si adatta alle varie preparazioni sia di pesce sia di verdure, perdendo la sua iniziale specificit\u00e0 e<em> divenendo di fatto <\/em><em><strong>lo strumento principe<\/strong><\/em><em> per la densit\u00e0 di un fondo o di un brodo<\/em><\/span><div class=\"wprm-spacer\"><\/div><span style=\"display: block;\">Preparazione fondamentale di cucina che propone la propria raffinatezza e morbidezza grazie alla <u>lucentezza simile al velluto<\/u><\/span><div class=\"wprm-spacer\"><\/div><span style=\"display: block;\">Accompagnata, inoltre, dall&#39;<strong>Aceto Balsamico di Modena I.G.P Monari Federzoni,<\/strong> si crea un&#39;esplosione di sapori. Quest&#39;ultimo \u00e8<strong> <\/strong>prodotto secondo la tradizione: il mosto d&#39;uva e l&#39;aceto di vino maturano lentamente in botti di legno, <strong>regalando all&#39;aceto piacevoli note aromatiche. <\/strong><\/span><div class=\"wprm-spacer\"><\/div><span style=\"display: block;\"><strong>Il gusto leggero dei finocchi presenti in questa vellutata si sposa benissimo con il sapore deciso dell\u2019Aceto Balsamico Tradizionale D.O.P.!<\/strong><\/span><\/div>\n<div class=\"wprm-spacer\"><\/div>\n\n<div class=\"wprm-spacer\" style=\"height: 25px;\"><\/div>\n<div class=\"wprm-template-chic-buttons wprm-container-columns-spaced-middle wprm-container-columns-gutter\">\n\t<a href=\"https:\/\/www.saporinostri.it\/de\/wprm_print\/vellutata-di-finocchi-patate-porri-e-aceto-balsamico-tradizionale\" style=\"color: #ffffff;background-color: #5A822B;border-color: #5A822B;border-radius: 3px;padding: 10px 5px;\" class=\"wprm-recipe-print wprm-recipe-link wprm-print-recipe-shortcode wprm-block-text-normal wprm-recipe-print-wide-button wprm-recipe-link-wide-button wprm-color-accent\" data-recipe-id=\"28835\" data-template=\"\" target=\"_blank\" rel=\"nofollow\"><span class=\"wprm-recipe-icon wprm-recipe-print-icon\"><svg width=\"16px\" height=\"16px\" viewBox=\"0 0 24 24\" version=\"1.1\" xmlns=\"http:\/\/www.w3.org\/2000\/svg\" xmlns:xlink=\"http:\/\/www.w3.org\/1999\/xlink\"><g stroke=\"none\" stroke-width=\"1\" fill=\"none\" fill-rule=\"evenodd\"><g fill=\"#ffffff\"><g><path d=\"M17.5454,0.0005 C18.2904,0.0005 18.9004,0.6105 18.9004,1.3565 L18.9004,1.3565 L18.9004,4.9445 L21.9904,4.9445 C23.0954,4.9445 24.0004,5.8485 24.0004,6.9535 L24.0004,6.9535 L24.0004,17.2415 C24.0004,18.3465 23.0954,19.2505 21.9904,19.2505 L21.9904,19.2505 L19.8414,19.2505 L19.8414,22.2795 C19.8414,23.1725 19.1104,23.9035 18.2174,23.9035 L18.2174,23.9035 L5.7834,23.9035 C4.8894,23.9035 4.1594,23.1725 4.1594,22.2795 L4.1594,22.2795 L4.1594,19.2505 L2.0104,19.2505 C0.9044,19.2505 0.0004,18.3465 0.0004,17.2415 L0.0004,17.2415 L0.0004,6.9535 C0.0004,5.8485 0.9044,4.9445 2.0104,4.9445 L2.0104,4.9445 L5.0984,4.9445 L5.0984,1.3565 C5.0984,0.6105 5.7094,0.0005 6.4554,0.0005 L6.4554,0.0005 Z M17.8414,15.5975 L6.1594,15.5975 L6.1594,21.9035 L17.8414,21.9035 L17.8414,15.5975 Z M21.9904,6.9445 L2.0104,6.9445 L2.0004,17.2415 L4.1594,17.2425 L4.1594,15.2215 C4.1594,14.3285 4.8894,13.5975 5.7834,13.5975 L5.7834,13.5975 L18.2174,13.5975 C19.1104,13.5975 19.8414,14.3285 19.8414,15.2215 L19.8414,15.2215 L19.8414,17.2495 L21.9904,17.2505 L22.0004,6.9535 L21.9904,6.9445 Z M6.1632,9.1318 C6.7902,9.1318 7.2992,9.6408 7.2992,10.2678 C7.2992,10.8948 6.7902,11.4028 6.1632,11.4028 L6.1632,11.4028 L5.0992,11.4028 C4.4722,11.4028 3.9632,10.8948 3.9632,10.2678 C3.9632,9.6408 4.4722,9.1318 5.0992,9.1318 L5.0992,9.1318 Z M16.6304,2.2715 L7.3704,2.2715 L7.3704,4.6845 L16.6304,4.6845 L16.6304,2.2715 Z\"><\/path><\/g><\/g><\/g><\/svg><\/span> Rezept drucken<\/a>\n\t<a href=\"https:\/\/www.pinterest.com\/pin\/create\/bookmarklet\/?url=https%3A%2F%2Fwww.saporinostri.it%2Fde%2Fricetta-vellutata-di-finocchi-patate-porri-e-aceto-balsamico%2F&amp;media=https%3A%2F%2Fwww.saporinostri.it%2Fwp-content%2Fuploads%2F2024%2F06%2Fvellutata_finocchi_IMG_5091-scrittal-840x340-1.jpg&amp;description=Vellutata+di+finocchi%2C+patate%2C+porri+e+Aceto+Balsamico+Tradizionale&amp;is_video=false\" target=\"_blank\" rel=\"nofollow noopener\" data-recipe=\"28835\" data-url=\"https:\/\/www.saporinostri.it\/de\/ricetta-vellutata-di-finocchi-patate-porri-e-aceto-balsamico\/\" data-media=\"https:\/\/www.saporinostri.it\/wp-content\/uploads\/2024\/06\/vellutata_finocchi_IMG_5091-scrittal-840x340-1.jpg\" data-description=\"Vellutata di finocchi, patate, porri e Aceto Balsamico Tradizionale\" data-repin=\"\" role=\"button\" style=\"color: #616161;background-color: #ffffff;border-color: #616161;border-radius: 3px;padding: 10px 5px;\" class=\"wprm-recipe-pin wprm-recipe-link wprm-block-text-normal wprm-recipe-pin-wide-button wprm-recipe-link-wide-button wprm-color-accent\"><span class=\"wprm-recipe-icon wprm-recipe-pin-icon\"><svg width=\"17px\" height=\"20px\" viewBox=\"0 0 17 20\" version=\"1.1\" xmlns=\"http:\/\/www.w3.org\/2000\/svg\" xmlns:xlink=\"http:\/\/www.w3.org\/1999\/xlink\"><g stroke=\"none\" stroke-width=\"1\" fill=\"none\" fill-rule=\"evenodd\"><g transform=\"translate(-4.000000, -2.000000)\" fill=\"#616161\"><path d=\"M10.7636728,15.2276266 C10.2077317,17.980299 9.52955405,20.6201377 7.52087891,22 C6.90029349,17.8380815 8.43177606,14.7128228 9.14286352,11.3948064 C7.93107647,9.46487979 9.28860706,5.58269488 11.8449959,6.53943073 C14.9902356,7.71595725 9.12053185,13.7114236 13.0614843,14.4612976 C17.1752134,15.2429061 18.8547902,7.71125585 16.3042782,5.26182401 C12.6183769,1.72519235 5.57332202,5.18072478 6.43955583,10.2441376 C6.65111904,11.4829577 8.00277289,11.8578948 6.98021737,13.5668554 C4.62128758,13.0720325 3.91607687,11.3125318 4.00775427,8.9665309 C4.15349781,5.12783398 7.65604429,2.43980586 11.1691689,2.06721954 C15.6119964,1.59707907 19.7821423,3.61045562 20.3580644,7.56198625 C21.0056829,12.0224439 18.3529153,16.8531372 13.6009705,16.5052333 C12.313961,16.4100298 11.7732994,15.8070747 10.7636728,15.2276266\"><\/path><\/g><\/g><\/svg><\/span> Pin Recipe<\/a>\n    \n<\/div>\n<div class=\"wprm-spacer\" style=\"height: 20px;\"><\/div>\n<div class=\"wprm-icon-shortcode wprm-icon-shortcode-separate wprm-align-center wprm-icon-decoration-line\" style=\"font-size: 24px;height: 24px;\"><div class=\"wprm-decoration-line\" style=\"border-color: #e0e0e0;\"><\/div><span class=\"wprm-recipe-icon\" aria-hidden=\"true\"><svg width=\"16px\" height=\"16px\" viewBox=\"0 0 24 24\" version=\"1.1\" xmlns=\"http:\/\/www.w3.org\/2000\/svg\" xmlns:xlink=\"http:\/\/www.w3.org\/1999\/xlink\"><g stroke=\"none\" stroke-width=\"1\" fill=\"none\" fill-rule=\"evenodd\"><g fill=\"#9e9e9e\"><g><path d=\"M12,0 C18.627,0 24,4.373 24,11 C24,19.406 18.646,24 18.646,24 L18.646,24 L5.354,24 C5.354,24 0,19.406 0,11 C0,4.373 5.373,0 12,0 Z M12,2 C6.206,2 2,5.785 2,11 C2,16.956 4.962,20.716 6.168,22 L6.168,22 L17.832,22 C19.032,20.724 22,16.962 22,11 C22,5.785 17.794,2 12,2 Z M15.4175,17.7983 C15.9697847,17.7983 16.4175,18.2460153 16.4175,18.7983 C16.4175,19.3111358 16.0314598,19.7338072 15.5341211,19.7915723 L15.4175,19.7983 L8.5825,19.7983 C8.03021525,19.7983 7.5825,19.3505847 7.5825,18.7983 C7.5825,18.2854642 7.96854019,17.8627928 8.46587887,17.8050277 L8.5825,17.7983 L15.4175,17.7983 Z M12,4.2544 C15.173,4.2544 17.746,6.8264 17.746,10.0004 C17.746,13.1734 15.173,15.7454 12,15.7454 C8.827,15.7454 6.254,13.1734 6.254,10.0004 C6.254,6.8264 8.827,4.2544 12,4.2544 Z M10.9999773,6.38993761 C9.41864646,6.82850486 8.254,8.28073633 8.254,10.0004 C8.254,12.0654 9.935,13.7454 12,13.7454 C14.065,13.7454 15.746,12.0654 15.746,10.0004 C15.746,8.28110051 14.5818468,6.82911997 13.0010273,6.39021638 L13,9.2962 C13,9.84848475 12.5522847,10.2962 12,10.2962 C11.4871642,10.2962 11.0644928,9.91015981 11.0067277,9.41282113 L11,9.2962 Z\"><\/path><\/g><\/g><\/g><\/svg><\/span> <div class=\"wprm-decoration-line\" style=\"border-color: #e0e0e0;\"><\/div><\/div>\n<div class=\"wprm-recipe-meta-container wprm-recipe-times-container wprm-recipe-details-container wprm-recipe-details-container-table wprm-block-text-normal wprm-recipe-table-borders-none wprm-recipe-table-borders-inside\" style=\"border-width: 0;border-style: dotted;border-color: #666666;\"><div class=\"wprm-recipe-block-container wprm-recipe-block-container-table wprm-block-text-normal wprm-recipe-time-container wprm-recipe-prep-time-container\" style=\"border-width: 0;border-style: dotted;border-color: #666666;\"><span class=\"wprm-recipe-details-label wprm-block-text-uppercase-faded wprm-recipe-time-label wprm-recipe-prep-time-label\">Vorbereitungszeit <\/span><span class=\"wprm-recipe-time wprm-block-text-normal\"><span class=\"wprm-recipe-details wprm-recipe-details-minutes wprm-recipe-prep_time wprm-recipe-prep_time-minutes\">15<span class=\"sr-only screen-reader-text wprm-screen-reader-text\"> Minuten<\/span><\/span> <span class=\"wprm-recipe-details-unit wprm-recipe-details-minutes wprm-recipe-prep_time-unit wprm-recipe-prep_timeunit-minutes\" aria-hidden=\"true\">Min.<\/span><\/span><\/div><div class=\"wprm-recipe-block-container wprm-recipe-block-container-table wprm-block-text-normal wprm-recipe-time-container wprm-recipe-cook-time-container\" style=\"border-width: 0;border-style: dotted;border-color: #666666;\"><span class=\"wprm-recipe-details-label wprm-block-text-uppercase-faded wprm-recipe-time-label wprm-recipe-cook-time-label\">Zubereitungszeit <\/span><span class=\"wprm-recipe-time wprm-block-text-normal\"><span class=\"wprm-recipe-details wprm-recipe-details-minutes wprm-recipe-cook_time wprm-recipe-cook_time-minutes\">35<span class=\"sr-only screen-reader-text wprm-screen-reader-text\"> Minuten<\/span><\/span> <span class=\"wprm-recipe-details-unit wprm-recipe-details-minutes wprm-recipe-cook_time-unit wprm-recipe-cook_timeunit-minutes\" aria-hidden=\"true\">Min.<\/span><\/span><\/div><div class=\"wprm-recipe-block-container wprm-recipe-block-container-table wprm-block-text-normal wprm-recipe-time-container wprm-recipe-total-time-container\" style=\"border-width: 0;border-style: dotted;border-color: #666666;\"><span class=\"wprm-recipe-details-label wprm-block-text-uppercase-faded wprm-recipe-time-label wprm-recipe-total-time-label\">Gesamtzeit <\/span><span class=\"wprm-recipe-time wprm-block-text-normal\"><span class=\"wprm-recipe-details wprm-recipe-details-minutes wprm-recipe-total_time wprm-recipe-total_time-minutes\">50<span class=\"sr-only screen-reader-text wprm-screen-reader-text\"> Minuten<\/span><\/span> <span class=\"wprm-recipe-details-unit wprm-recipe-details-minutes wprm-recipe-total_time-unit wprm-recipe-total_timeunit-minutes\" aria-hidden=\"true\">Min.<\/span><\/span><\/div><\/div>\n<div class=\"wprm-spacer\"><\/div>\n<div class=\"wprm-container-columns-spaced\">\n\t<div>\n    \t<div class=\"wprm-icon-shortcode wprm-icon-shortcode-separate wprm-align-center wprm-icon-decoration-line\" style=\"font-size: 24px;height: 24px;\"><div class=\"wprm-decoration-line\" style=\"border-color: #e0e0e0;\"><\/div><span class=\"wprm-recipe-icon\" aria-hidden=\"true\"><svg width=\"16px\" height=\"16px\" viewBox=\"0 0 24 24\" version=\"1.1\" xmlns=\"http:\/\/www.w3.org\/2000\/svg\" xmlns:xlink=\"http:\/\/www.w3.org\/1999\/xlink\"><g stroke=\"none\" stroke-width=\"1\" fill=\"none\" fill-rule=\"evenodd\"><g fill=\"#9e9e9e\"><path d=\"M19.5441,12.0586 L17.8411,12.3146 L17.8411,14.0376 L17.8411,17.8606 L6.1591,17.8606 L6.1591,14.0376 L6.1591,12.3146 L4.4561,12.0586 C3.0331,11.8446 2.0001,10.6536 2.0001,9.2246 C2.0001,7.6626 3.2471,6.3876 4.7971,6.3406 C4.8651,6.3486 4.9351,6.3556 5.0051,6.3576 L6.3221,6.4136 L6.8931,5.2246 C7.8481,3.2356 9.8051,1.9996 12.0001,1.9996 C14.1951,1.9996 16.1521,3.2356 17.1071,5.2246 L17.6781,6.4136 L18.9951,6.3576 C19.0641,6.3556 19.1321,6.3486 19.2021,6.3406 C20.7531,6.3866 22.0001,7.6626 22.0001,9.2246 C22.0001,10.6536 20.9671,11.8446 19.5441,12.0586 L19.5441,12.0586 Z M6.1591,22.0006 L17.8411,22.0006 L17.8411,19.8606 L6.1591,19.8606 L6.1591,22.0006 Z M19.1141,4.3386 C19.0451,4.3386 18.9801,4.3566 18.9101,4.3596 C17.6741,1.7836 15.0491,-0.0004 12.0001,-0.0004 C8.9511,-0.0004 6.3261,1.7836 5.0901,4.3596 C5.0211,4.3566 4.9551,4.3386 4.8861,4.3386 C2.1881,4.3386 0.0001,6.5266 0.0001,9.2246 C0.0001,11.6736 1.8081,13.6836 4.1591,14.0376 L4.1591,22.3756 C4.1591,23.2696 4.8901,23.9996 5.7831,23.9996 L18.2171,23.9996 C19.1101,23.9996 19.8411,23.2696 19.8411,22.3756 L19.8411,14.0376 C22.1911,13.6836 24.0001,11.6736 24.0001,9.2246 C24.0001,6.5266 21.8131,4.3386 19.1141,4.3386 L19.1141,4.3386 Z\" id=\"Fill-1\"><\/path><\/g><\/g><\/svg><\/span> <div class=\"wprm-decoration-line\" style=\"border-color: #e0e0e0;\"><\/div><\/div>\n\t\t<div class=\"wprm-recipe-meta-container wprm-recipe-custom-container wprm-recipe-details-container wprm-recipe-details-container-table wprm-block-text-normal wprm-recipe-table-borders-none wprm-recipe-table-borders-inside\" style=\"border-width: 0;border-style: dotted;border-color: #666666;\"><div class=\"wprm-recipe-block-container wprm-recipe-block-container-table wprm-block-text-normal wprm-recipe-tag-container wprm-recipe-course-container\" style=\"border-width: 0;border-style: dotted;border-color: #666666;\"><span class=\"wprm-recipe-details-label wprm-block-text-uppercase-faded wprm-recipe-tag-label wprm-recipe-course-label\">Gericht <\/span><span class=\"wprm-recipe-course wprm-block-text-normal\">Contorno, Portata principale, Zuppa<\/span><\/div><div class=\"wprm-recipe-block-container wprm-recipe-block-container-table wprm-block-text-normal wprm-recipe-tag-container wprm-recipe-cuisine-container\" style=\"border-width: 0;border-style: dotted;border-color: #666666;\"><span class=\"wprm-recipe-details-label wprm-block-text-uppercase-faded wprm-recipe-tag-label wprm-recipe-cuisine-label\">K\u00fcche <\/span><span class=\"wprm-recipe-cuisine wprm-block-text-normal\">Francese, Italiana<\/span><\/div><\/div>\n    <\/div>\n    <div>\n        <div class=\"wprm-icon-shortcode wprm-icon-shortcode-separate wprm-align-center wprm-icon-decoration-line\" style=\"font-size: 24px;height: 24px;\"><div class=\"wprm-decoration-line\" style=\"border-color: #e0e0e0;\"><\/div><span class=\"wprm-recipe-icon\" aria-hidden=\"true\"><svg width=\"16px\" height=\"16px\" viewBox=\"0 0 24 24\" version=\"1.1\" xmlns=\"http:\/\/www.w3.org\/2000\/svg\" xmlns:xlink=\"http:\/\/www.w3.org\/1999\/xlink\"><g stroke=\"none\" stroke-width=\"1\" fill=\"none\" fill-rule=\"evenodd\"><g fill=\"#9e9e9e\"><path d=\"M15.9199,4.9443 L18.1399,2.7243 C18.5509,2.3133 19.0909,2.1083 19.6299,2.1083 C20.1699,2.1083 20.7099,2.3133 21.1209,2.7243 C21.9429,3.5473 21.9419,4.8843 21.1209,5.7073 L18.9019,7.9253 C18.0799,8.7483 16.7419,8.7483 15.9199,7.9253 C15.0979,7.1033 15.0979,5.7663 15.9199,4.9443 M23.5529,22.1383 L13.3369,11.9233 L15.3109,9.9493 C15.9559,10.3353 16.6809,10.5413 17.4109,10.5413 C18.4629,10.5413 19.5159,10.1403 20.3159,9.3403 L22.5349,7.1213 C24.1369,5.5183 24.1369,2.9123 22.5349,1.3103 C21.7599,0.5343 20.7279,0.1073 19.6299,0.1073 C18.5329,0.1073 17.5019,0.5343 16.7259,1.3103 L14.5059,3.5303 C13.7299,4.3063 13.3029,5.3383 13.3029,6.4343 C13.3029,7.1883 13.5179,7.9053 13.8959,8.5363 L11.9229,10.5083 L9.9489,8.5353 C10.8909,6.9593 10.6959,4.8863 9.3399,3.5303 L6.1039,0.2933 C5.7129,-0.0977 5.0799,-0.0977 4.6899,0.2933 C4.2989,0.6833 4.2989,1.3163 4.6899,1.7073 L7.9259,4.9443 C8.4909,5.5093 8.6579,6.3153 8.4459,7.0323 L3.6539,2.2403 C3.2639,1.8493 2.6309,1.8493 2.2399,2.2403 C1.8499,2.6313 1.8499,3.2633 2.2399,3.6543 L7.0319,8.4463 C6.3149,8.6583 5.5089,8.4913 4.9429,7.9253 L1.7069,4.6893 C1.3159,4.2983 0.6839,4.2983 0.2929,4.6893 C-0.0981,5.0803 -0.0981,5.7133 0.2929,6.1033 L3.5289,9.3403 C4.3309,10.1403 5.3829,10.5413 6.4349,10.5413 C7.1649,10.5413 7.8899,10.3353 8.5349,9.9493 L10.5089,11.9233 L0.2929,22.1383 C-0.0981,22.5293 -0.0981,23.1623 0.2929,23.5523 C0.4879,23.7483 0.7439,23.8453 0.9999,23.8453 C1.2559,23.8453 1.5119,23.7483 1.7069,23.5523 L11.9229,13.3373 L22.1389,23.5523 C22.3339,23.7483 22.5899,23.8453 22.8459,23.8453 C23.1019,23.8453 23.3569,23.7483 23.5529,23.5523 C23.9429,23.1623 23.9429,22.5293 23.5529,22.1383\"><\/path><\/g><\/g><\/svg><\/span> <div class=\"wprm-decoration-line\" style=\"border-color: #e0e0e0;\"><\/div><\/div>\n\t\t<div class=\"wprm-recipe-meta-container wprm-recipe-custom-container wprm-recipe-details-container wprm-recipe-details-container-table wprm-block-text-normal wprm-recipe-table-borders-none wprm-recipe-table-borders-inside\" style=\"border-width: 0;border-style: dotted;border-color: #666666;\"><div class=\"wprm-recipe-block-container wprm-recipe-block-container-table wprm-block-text-normal wprm-recipe-servings-container\" style=\"border-width: 0;border-style: dotted;border-color: #666666;\"><span class=\"wprm-recipe-details-label wprm-block-text-uppercase-faded wprm-recipe-servings-label\">Portionen <\/span><span class=\"wprm-recipe-servings-with-unit\"><span class=\"wprm-recipe-servings wprm-recipe-details wprm-block-text-normal\">4<\/span> <span class=\"wprm-recipe-servings-unit wprm-recipe-details-unit wprm-block-text-normal\">persone<\/span><\/span><\/div><div class=\"wprm-recipe-block-container wprm-recipe-block-container-table wprm-block-text-normal wprm-recipe-nutrition-container wprm-recipe-calories-container\" style=\"border-width: 0;border-style: dotted;border-color: #666666;\"><span class=\"wprm-recipe-details-label wprm-block-text-uppercase-faded wprm-recipe-nutrition-label wprm-recipe-calories-label\">Kalorien <\/span><span class=\"wprm-recipe-nutrition-with-unit\"><span class=\"wprm-recipe-details wprm-recipe-nutrition wprm-recipe-calories wprm-block-text-normal\">38<\/span> <span class=\"wprm-recipe-details-unit wprm-recipe-nutrition-unit wprm-recipe-calories-unit wprm-block-text-normal\">kcal<\/span><\/span><\/div><\/div>\n    <\/div>\n<\/div>\n\n<div id=\"recipe-28835-ingredients\" class=\"wprm-recipe-ingredients-container wprm-recipe-28835-ingredients-container wprm-block-text-normal wprm-ingredient-style-regular wprm-recipe-images-before\" data-recipe=\"28835\" data-servings=\"4\"><h3 class=\"wprm-recipe-header wprm-recipe-ingredients-header wprm-block-text-uppercase wprm-align-left wprm-header-decoration-line wprm-header-has-actions wprm-header-has-actions\" style=\"\">Zutaten<div class=\"wprm-decoration-line\" style=\"border-color: #e0e0e0;\"><\/div>&nbsp;&nbsp;<\/h3><div class=\"wprm-recipe-ingredient-group\"><ul class=\"wprm-recipe-ingredients\"><li class=\"wprm-recipe-ingredient\" style=\"list-style-type: disc;\" data-uid=\"0\"><span class=\"wprm-recipe-ingredient-amount\">4<\/span>&#32;<span class=\"wprm-recipe-ingredient-name\">Finocchi <\/span>&#32;<span class=\"wprm-recipe-ingredient-notes wprm-recipe-ingredient-notes-faded\">medi<\/span><\/li><li class=\"wprm-recipe-ingredient\" style=\"list-style-type: disc;\" data-uid=\"1\"><span class=\"wprm-recipe-ingredient-amount\">4<\/span>&#32;<span class=\"wprm-recipe-ingredient-name\">Patate<\/span>&#32;<span class=\"wprm-recipe-ingredient-notes wprm-recipe-ingredient-notes-faded\">medie<\/span><\/li><li class=\"wprm-recipe-ingredient\" style=\"list-style-type: disc;\" data-uid=\"2\"><span class=\"wprm-recipe-ingredient-amount\">1<\/span>&#32;<span class=\"wprm-recipe-ingredient-name\">Porro<\/span><\/li><li class=\"wprm-recipe-ingredient\" style=\"list-style-type: disc;\" data-uid=\"3\"><span class=\"wprm-recipe-ingredient-amount\">1.5<\/span>&#32;<span class=\"wprm-recipe-ingredient-unit\">lt<\/span>&#32;<span class=\"wprm-recipe-ingredient-name\">Brodo Vegetale<\/span>&#32;<span class=\"wprm-recipe-ingredient-notes wprm-recipe-ingredient-notes-faded\">carota, sedano, cipolla<\/span><\/li><li class=\"wprm-recipe-ingredient\" style=\"list-style-type: disc;\" data-uid=\"4\"><span class=\"wprm-recipe-ingredient-amount\">q.b.<\/span>&#32;<span class=\"wprm-recipe-ingredient-name\">Sale <\/span><\/li><li class=\"wprm-recipe-ingredient\" style=\"list-style-type: disc;\" data-uid=\"5\"><span class=\"wprm-recipe-ingredient-amount\">q.b.<\/span>&#32;<span class=\"wprm-recipe-ingredient-name\">Pepe<\/span><\/li><li class=\"wprm-recipe-ingredient\" style=\"list-style-type: disc;\" data-uid=\"6\"><span class=\"wprm-recipe-ingredient-amount\">q.b.<\/span>&#32;<span class=\"wprm-recipe-ingredient-name\">Aceto Balsamico<\/span>&#32;<span class=\"wprm-recipe-ingredient-notes wprm-recipe-ingredient-notes-faded\">\u00a0di Modena I.G.P Monari Federzoni\u00a0<\/span><\/li><\/ul><\/div><\/div>\n<div id=\"recipe-28835-instructions\" class=\"wprm-recipe-instructions-container wprm-recipe-28835-instructions-container wprm-block-text-normal\" data-recipe=\"28835\"><h3 class=\"wprm-recipe-header wprm-recipe-instructions-header wprm-block-text-uppercase wprm-align-left wprm-header-decoration-line wprm-header-has-actions\" style=\"\">Anleitungen<div class=\"wprm-decoration-line\" style=\"border-color: #e0e0e0;\"><\/div>&nbsp;<\/h3><div class=\"wprm-recipe-instruction-group\"><ul class=\"wprm-recipe-instructions\"><li id=\"wprm-recipe-28835-step-0-0\" class=\"wprm-recipe-instruction\" style=\"list-style-type: decimal;\"><div class=\"wprm-recipe-instruction-text\" style=\"margin-bottom: 5px;\"><span style=\"display: block;\">Preparare il brodo vegetale e nel contempo\u00a0pulire i finocchi e tagliarli a fettine sottili<\/span><\/div><\/li><li id=\"wprm-recipe-28835-step-0-1\" class=\"wprm-recipe-instruction\" style=\"list-style-type: decimal;\"><div class=\"wprm-recipe-instruction-text\" style=\"margin-bottom: 5px;\"><span style=\"display: block;\">Eliminare la base del porro e la parte verde quindi tagliarlo a rondelle<\/span><\/div><\/li><li id=\"wprm-recipe-28835-step-0-2\" class=\"wprm-recipe-instruction\" style=\"list-style-type: decimal;\"><div class=\"wprm-recipe-instruction-text\" style=\"margin-bottom: 5px;\"><span style=\"display: block;\">Pelare le patate e tagliarle a cubetti<\/span><\/div><\/li><li id=\"wprm-recipe-28835-step-0-3\" class=\"wprm-recipe-instruction\" style=\"list-style-type: decimal;\"><div class=\"wprm-recipe-instruction-text\" style=\"margin-bottom: 5px;\"><span style=\"display: block;\">Versare le verdure tagliate nel brodo vegetale e far cuocere 20 min con il coperchio socchiuso<\/span><\/div><\/li><li id=\"wprm-recipe-28835-step-0-4\" class=\"wprm-recipe-instruction\" style=\"list-style-type: decimal;\"><div class=\"wprm-recipe-instruction-text\" style=\"margin-bottom: 5px;\"><span style=\"display: block;\">A questo punto con un frullatore ad immersione creare una crema omogenea e far cuocere ancora 10 minuti a fuoco basso<\/span><\/div><\/li><li id=\"wprm-recipe-28835-step-0-5\" class=\"wprm-recipe-instruction\" style=\"list-style-type: decimal;\"><div class=\"wprm-recipe-instruction-text\" style=\"margin-bottom: 5px;\"><span style=\"display: block;\">Infine impiattare e servire arricchendo la vellutata con gocce di Aceto Balsamico<\/span><\/div><\/li><\/ul><\/div><\/div>\n<div id=\"recipe-video\"><\/div>\n\n\n<div class=\"wprm-spacer\" style=\"height: 20px;\"><\/div>\n<div class=\"wprm-icon-shortcode wprm-icon-shortcode-separate wprm-align-center wprm-icon-decoration-line\" style=\"font-size: 24px;height: 24px;\"><div class=\"wprm-decoration-line\" style=\"border-color: #e0e0e0;\"><\/div><span class=\"wprm-recipe-icon\" aria-hidden=\"true\"><svg width=\"16px\" height=\"16px\" viewBox=\"0 0 24 24\" version=\"1.1\" xmlns=\"http:\/\/www.w3.org\/2000\/svg\" xmlns:xlink=\"http:\/\/www.w3.org\/1999\/xlink\"><g id=\"Icons\" stroke=\"none\" stroke-width=\"1\" fill=\"none\" fill-rule=\"evenodd\"><g fill=\"#9e9e9e\"><path d=\"M9.0039,16.0079 C5.1419,16.0079 1.9999,12.8659 1.9999,9.0039 C1.9999,5.1419 5.1419,1.9999 9.0039,1.9999 C12.8659,1.9999 16.0079,5.1419 16.0079,9.0039 C16.0079,12.8659 12.8659,16.0079 9.0039,16.0079 M23.6209,22.2069 L16.1439,14.7299 C16.1059,14.6919 16.0579,14.6759 16.0159,14.6449 C17.2599,13.1009 18.0079,11.1409 18.0079,9.0039 C18.0079,4.0309 13.9769,-0.0001 9.0039,-0.0001 C4.0309,-0.0001 -0.0001,4.0309 -0.0001,9.0039 C-0.0001,13.9769 4.0309,18.0079 9.0039,18.0079 C11.1409,18.0079 13.1009,17.2599 14.6449,16.0169 C14.6749,16.0579 14.6919,16.1059 14.7299,16.1439 L22.2069,23.6209 C22.4019,23.8169 22.6579,23.9139 22.9139,23.9139 C23.1699,23.9139 23.4259,23.8169 23.6209,23.6209 C24.0119,23.2309 24.0119,22.5979 23.6209,22.2069\"><\/path><\/g><\/g><\/svg><\/span> <div class=\"wprm-decoration-line\" style=\"border-color: #e0e0e0;\"><\/div><\/div>\n<div class=\"wprm-recipe-meta-container wprm-recipe-custom-container wprm-recipe-details-container wprm-recipe-details-container-table wprm-block-text-normal wprm-recipe-table-borders-none wprm-recipe-table-borders-inside\" style=\"border-width: 0;border-style: dotted;border-color: #666666;\"><div class=\"wprm-recipe-block-container wprm-recipe-block-container-table wprm-block-text-normal wprm-recipe-tag-container wprm-recipe-keyword-container\" style=\"border-width: 0;border-style: dotted;border-color: #666666;\"><span class=\"wprm-recipe-details-label wprm-block-text-uppercase-faded wprm-recipe-tag-label wprm-recipe-keyword-label\">Keyword <\/span><span class=\"wprm-recipe-keyword wprm-block-text-normal\">aceto balsamico, vellutata, vellutata con aceto balsamico<\/span><\/div><\/div>\n<div class=\"wprm-spacer\"><\/div>\n<\/div><\/div>\t\t\t\t<\/div>\n\t\t\t\t<\/div>\n\t\t\t\t\t<\/div>\n\t\t<\/div>\n\t\t\t\t\t<\/div>\n\t\t<\/section>\n\t\t\t\t<section class=\"elementor-section elementor-top-section elementor-element elementor-element-c179ebf elementor-section-boxed elementor-section-height-default elementor-section-height-default\" data-id=\"c179ebf\" data-element_type=\"section\" data-e-type=\"section\">\n\t\t\t\t\t\t<div class=\"elementor-container elementor-column-gap-default\">\n\t\t\t\t\t<div class=\"elementor-column elementor-col-100 elementor-top-column elementor-element elementor-element-ce9c841\" data-id=\"ce9c841\" data-element_type=\"column\" data-e-type=\"column\">\n\t\t\t<div class=\"elementor-widget-wrap elementor-element-populated\">\n\t\t\t\t\t\t<div class=\"elementor-element elementor-element-70d1b6f elementor-widget elementor-widget-heading\" data-id=\"70d1b6f\" data-element_type=\"widget\" data-e-type=\"widget\" data-widget_type=\"heading.default\">\n\t\t\t\t<div class=\"elementor-widget-container\">\n\t\t\t\t\t<h3 class=\"elementor-heading-title elementor-size-default\">Potrebbero interessarti questi prodotti...<\/h3>\t\t\t\t<\/div>\n\t\t\t\t<\/div>\n\t\t\t\t<div class=\"elementor-element elementor-element-d37140d elementor-grid-4 elementor-grid-tablet-3 elementor-grid-mobile-2 elementor-products-grid elementor-wc-products elementor-widget elementor-widget-woocommerce-products\" data-id=\"d37140d\" data-element_type=\"widget\" data-e-type=\"widget\" data-widget_type=\"woocommerce-products.default\">\n\t\t\t\t<div class=\"elementor-widget-container\">\n\t\t\t\t\t<div class=\"woocommerce columns-4 \"><ul class=\"products elementor-grid columns-4\">\n<li class=\"product type-product post-2203 status-publish first instock product_cat-lieviti has-post-thumbnail sale taxable shipping-taxable purchasable product-type-simple\" style=\"--span: 1;\">\n\t<div class=\"commercekit-wishlist mini\" data-product-id=\"2203\"><a href=\"#\" class=\"commercekit-save-wishlist\" data-product-id=\"2203\" data-type=\"list\" title=\"Wishlist\" aria-label=\"Wishlist\"><em class=\"cg-wishlist\"><\/em><span><\/span><\/a><\/div><a href=\"https:\/\/www.saporinostri.it\/de\/lievito-secco-caputo\/\" class=\"woocommerce-LoopProduct-link woocommerce-loop-product__link\"><div class=\"woocommerce-image__wrapper\"><a href=\"https:\/\/www.saporinostri.it\/de\/lievito-secco-caputo\/\" title=\"Lievito Secco Caputo\" class=\"woocommerce-LoopProduct-link woocommerce-loop-product__link\"><span class=\"sale-item product-label type-circle\">-21%<\/span><div class=\"shoptimizer-plp-carousel-container\"><div class=\"shoptimizer-plp-image-wrapper\"><img decoding=\"async\" width=\"300\" height=\"300\" data-src=\"https:\/\/www.saporinostri.it\/wp-content\/uploads\/2020\/05\/lievito-secco-caputo-100-g-front-300x300.jpg\" class=\"attachment-woocommerce_thumbnail size-woocommerce_thumbnail lazyload\" alt=\"Lievito Secco Caputo\" data-srcset=\"https:\/\/www.saporinostri.it\/wp-content\/uploads\/2020\/05\/lievito-secco-caputo-100-g-front-300x300.jpg 300w, https:\/\/www.saporinostri.it\/wp-content\/uploads\/2020\/05\/lievito-secco-caputo-100-g-front-150x150.jpg 150w, https:\/\/www.saporinostri.it\/wp-content\/uploads\/2020\/05\/lievito-secco-caputo-100-g-front-800x800.jpg 800w, https:\/\/www.saporinostri.it\/wp-content\/uploads\/2020\/05\/lievito-secco-caputo-100-g-front-1024x1024.jpg 1024w, https:\/\/www.saporinostri.it\/wp-content\/uploads\/2020\/05\/lievito-secco-caputo-100-g-front-768x768.jpg 768w, https:\/\/www.saporinostri.it\/wp-content\/uploads\/2020\/05\/lievito-secco-caputo-100-g-front-400x400.jpg 400w, https:\/\/www.saporinostri.it\/wp-content\/uploads\/2020\/05\/lievito-secco-caputo-100-g-front-640x640.jpg 640w, https:\/\/www.saporinostri.it\/wp-content\/uploads\/2020\/05\/lievito-secco-caputo-100-g-front-85x85.jpg 85w, https:\/\/www.saporinostri.it\/wp-content\/uploads\/2020\/05\/lievito-secco-caputo-100-g-front-32x32.jpg 32w, https:\/\/www.saporinostri.it\/wp-content\/uploads\/2020\/05\/lievito-secco-caputo-100-g-front.jpg 1100w\" data-sizes=\"(max-width: 360px) 147px, (max-width: 300px) 100vw, 300px\" src=\"data:image\/gif;base64,R0lGODlhAQABAAAAACH5BAEKAAEALAAAAAABAAEAAAICTAEAOw==\" style=\"--smush-placeholder-width: 300px; --smush-placeholder-aspect-ratio: 300\/300;\" \/><noscript><img decoding=\"async\" width=\"300\" height=\"300\" src=\"https:\/\/www.saporinostri.it\/wp-content\/uploads\/2020\/05\/lievito-secco-caputo-100-g-front-300x300.jpg\" class=\"attachment-woocommerce_thumbnail size-woocommerce_thumbnail\" alt=\"Lievito Secco Caputo\" srcset=\"https:\/\/www.saporinostri.it\/wp-content\/uploads\/2020\/05\/lievito-secco-caputo-100-g-front-300x300.jpg 300w, https:\/\/www.saporinostri.it\/wp-content\/uploads\/2020\/05\/lievito-secco-caputo-100-g-front-150x150.jpg 150w, https:\/\/www.saporinostri.it\/wp-content\/uploads\/2020\/05\/lievito-secco-caputo-100-g-front-800x800.jpg 800w, https:\/\/www.saporinostri.it\/wp-content\/uploads\/2020\/05\/lievito-secco-caputo-100-g-front-1024x1024.jpg 1024w, https:\/\/www.saporinostri.it\/wp-content\/uploads\/2020\/05\/lievito-secco-caputo-100-g-front-768x768.jpg 768w, https:\/\/www.saporinostri.it\/wp-content\/uploads\/2020\/05\/lievito-secco-caputo-100-g-front-400x400.jpg 400w, https:\/\/www.saporinostri.it\/wp-content\/uploads\/2020\/05\/lievito-secco-caputo-100-g-front-640x640.jpg 640w, https:\/\/www.saporinostri.it\/wp-content\/uploads\/2020\/05\/lievito-secco-caputo-100-g-front-85x85.jpg 85w, https:\/\/www.saporinostri.it\/wp-content\/uploads\/2020\/05\/lievito-secco-caputo-100-g-front-32x32.jpg 32w, https:\/\/www.saporinostri.it\/wp-content\/uploads\/2020\/05\/lievito-secco-caputo-100-g-front.jpg 1100w\" sizes=\"(max-width: 360px) 147px, (max-width: 300px) 100vw, 300px\" \/><\/noscript>\t\t\t\n\t<\/div><\/div><\/a><\/div><div class=\"woocommerce-card__header\">\t\t\t\t\t<p class=\"product__categories\"><a href=\"https:\/\/www.saporinostri.it\/de\/lieviti\/\" rel=\"tag\">Lieviti<\/a><\/p>\t\t\t\t<div class=\"woocommerce-loop-product__title\"><a tabindex=\"0\" href=\"https:\/\/www.saporinostri.it\/de\/lievito-secco-caputo\/\" aria-label=\"Lievito Secco Caputo\" class=\"woocommerce-LoopProduct-link woocommerce-loop-product__link\">Lievito Secco Caputo<\/a><\/div><div class=\"star-rating\" role=\"img\" aria-label=\"Bewertet mit 4.89 von 5\"><span style=\"width:97.8%\">Bewertet mit <strong class=\"rating\">4.89<\/strong> von 5<\/span><\/div>\n\t<span class=\"price\"><del aria-hidden=\"true\"><span class=\"woocommerce-Price-amount amount\"><bdi><span class=\"woocommerce-Price-currencySymbol\">&euro;<\/span>3,79<\/bdi><\/span><\/del> <span class=\"screen-reader-text\">Urspr\u00fcnglicher Preis war: &euro;3,79<\/span><ins aria-hidden=\"true\"><span class=\"woocommerce-Price-amount amount\"><bdi><span class=\"woocommerce-Price-currencySymbol\">&euro;<\/span>2,99<\/bdi><\/span><\/ins><span class=\"screen-reader-text\">Aktueller Preis ist: &euro;2,99.<\/span><\/span>\n<\/a><a href=\"\/de\/wp-json\/wp\/v2\/posts\/30980?add-to-cart=2203\" aria-describedby=\"woocommerce_loop_add_to_cart_link_describedby_2203\" data-quantity=\"1\" class=\"button product_type_simple add_to_cart_button ajax_add_to_cart\" data-product_id=\"2203\" data-product_sku=\"8014601100016\" aria-label=\"In den Warenkorb legen: \u201eLievito Secco Caputo\u201c\" rel=\"nofollow\" data-success_message=\"\u201eLievito Secco Caputo\u201c wurde deinem Warenkorb hinzugef\u00fcgt\" role=\"button\">In den Warenkorb<\/a>\t<span id=\"woocommerce_loop_add_to_cart_link_describedby_2203\" class=\"screen-reader-text\">\n\t\t\t<\/span>\n\t\t\t<input type=\"hidden\" class=\"pmwProductId\" data-id=\"2203\">\n\t\t\t\t\t<script>\n\t\t\t(window.pmwDataLayer = window.pmwDataLayer || {}).products                = window.pmwDataLayer.products || {};\n\t\t\twindow.pmwDataLayer.products[2203] = {\"id\":\"2203\",\"sku\":\"8014601100016\",\"price\":2.99,\"brand\":\"\",\"quantity\":1,\"dyn_r_ids\":{\"post_id\":\"2203\",\"sku\":\"8014601100016\",\"gpf\":\"woocommerce_gpf_2203\",\"gla\":\"gla_2203\"},\"is_variable\":false,\"type\":\"simple\",\"name\":\"Lievito Secco Caputo\",\"category\":[\"Lieviti\"],\"is_variation\":false};\n\t\t\t\t\twindow.pmw_product_position = window.pmw_product_position || 1;\n\t\twindow.pmwDataLayer.products[2203]['position'] = window.pmw_product_position++;\n\t\t\t\t<\/script>\n\t\t<\/div><\/li>\n<li class=\"product type-product post-2180 status-publish outofstock product_cat-farine has-post-thumbnail sale taxable shipping-taxable purchasable product-type-simple\" style=\"--span: 1;\">\n\t<div class=\"commercekit-wishlist mini\" data-product-id=\"2180\"><a href=\"#\" class=\"commercekit-save-wishlist\" data-product-id=\"2180\" data-type=\"list\" title=\"Wishlist\" aria-label=\"Wishlist\"><em class=\"cg-wishlist\"><\/em><span><\/span><\/a><\/div><a href=\"https:\/\/www.saporinostri.it\/de\/farina-manitoba-oro-caputo-5-kg\/\" class=\"woocommerce-LoopProduct-link woocommerce-loop-product__link\"><div class=\"woocommerce-image__wrapper\"><a href=\"https:\/\/www.saporinostri.it\/de\/farina-manitoba-oro-caputo-5-kg\/\" title=\"Farina Manitoba Oro Caputo 5 Kg\" class=\"woocommerce-LoopProduct-link woocommerce-loop-product__link\"><span class=\"sale-item product-label type-circle\">-31%<\/span>\t\t\t<span class=\"product-out-of-stock\"><em>Out of stock<\/em><\/span>\n\t\t\t<div class=\"shoptimizer-plp-carousel-container\"><div class=\"shoptimizer-plp-image-wrapper\"><img decoding=\"async\" width=\"300\" height=\"300\" data-src=\"https:\/\/www.saporinostri.it\/wp-content\/uploads\/2020\/05\/farina-manitoba-oro-caputo-5-kg-front-300x300.jpg\" class=\"attachment-woocommerce_thumbnail size-woocommerce_thumbnail lazyload\" alt=\"Farina Manitoba Oro Caputo 5 Kg\" data-srcset=\"https:\/\/www.saporinostri.it\/wp-content\/uploads\/2020\/05\/farina-manitoba-oro-caputo-5-kg-front-300x300.jpg 300w, https:\/\/www.saporinostri.it\/wp-content\/uploads\/2020\/05\/farina-manitoba-oro-caputo-5-kg-front-1024x1024.jpg 1024w, https:\/\/www.saporinostri.it\/wp-content\/uploads\/2020\/05\/farina-manitoba-oro-caputo-5-kg-front-150x150.jpg 150w, https:\/\/www.saporinostri.it\/wp-content\/uploads\/2020\/05\/farina-manitoba-oro-caputo-5-kg-front-768x768.jpg 768w, https:\/\/www.saporinostri.it\/wp-content\/uploads\/2020\/05\/farina-manitoba-oro-caputo-5-kg-front-12x12.jpg 12w, https:\/\/www.saporinostri.it\/wp-content\/uploads\/2020\/05\/farina-manitoba-oro-caputo-5-kg-front-70x70.jpg 70w, https:\/\/www.saporinostri.it\/wp-content\/uploads\/2020\/05\/farina-manitoba-oro-caputo-5-kg-front-500x500.jpg 500w, https:\/\/www.saporinostri.it\/wp-content\/uploads\/2020\/05\/farina-manitoba-oro-caputo-5-kg-front-990x990.jpg 990w, https:\/\/www.saporinostri.it\/wp-content\/uploads\/2020\/05\/farina-manitoba-oro-caputo-5-kg-front-441x441.jpg 441w, https:\/\/www.saporinostri.it\/wp-content\/uploads\/2020\/05\/farina-manitoba-oro-caputo-5-kg-front-800x800.jpg 800w, https:\/\/www.saporinostri.it\/wp-content\/uploads\/2020\/05\/farina-manitoba-oro-caputo-5-kg-front-64x64.jpg 64w, https:\/\/www.saporinostri.it\/wp-content\/uploads\/2020\/05\/farina-manitoba-oro-caputo-5-kg-front.jpg 1500w\" data-sizes=\"(max-width: 360px) 147px, (max-width: 300px) 100vw, 300px\" src=\"data:image\/gif;base64,R0lGODlhAQABAAAAACH5BAEKAAEALAAAAAABAAEAAAICTAEAOw==\" style=\"--smush-placeholder-width: 300px; --smush-placeholder-aspect-ratio: 300\/300;\" \/><noscript><img decoding=\"async\" width=\"300\" height=\"300\" src=\"https:\/\/www.saporinostri.it\/wp-content\/uploads\/2020\/05\/farina-manitoba-oro-caputo-5-kg-front-300x300.jpg\" class=\"attachment-woocommerce_thumbnail size-woocommerce_thumbnail\" alt=\"Farina Manitoba Oro Caputo 5 Kg\" srcset=\"https:\/\/www.saporinostri.it\/wp-content\/uploads\/2020\/05\/farina-manitoba-oro-caputo-5-kg-front-300x300.jpg 300w, https:\/\/www.saporinostri.it\/wp-content\/uploads\/2020\/05\/farina-manitoba-oro-caputo-5-kg-front-1024x1024.jpg 1024w, https:\/\/www.saporinostri.it\/wp-content\/uploads\/2020\/05\/farina-manitoba-oro-caputo-5-kg-front-150x150.jpg 150w, https:\/\/www.saporinostri.it\/wp-content\/uploads\/2020\/05\/farina-manitoba-oro-caputo-5-kg-front-768x768.jpg 768w, https:\/\/www.saporinostri.it\/wp-content\/uploads\/2020\/05\/farina-manitoba-oro-caputo-5-kg-front-12x12.jpg 12w, https:\/\/www.saporinostri.it\/wp-content\/uploads\/2020\/05\/farina-manitoba-oro-caputo-5-kg-front-70x70.jpg 70w, https:\/\/www.saporinostri.it\/wp-content\/uploads\/2020\/05\/farina-manitoba-oro-caputo-5-kg-front-500x500.jpg 500w, https:\/\/www.saporinostri.it\/wp-content\/uploads\/2020\/05\/farina-manitoba-oro-caputo-5-kg-front-990x990.jpg 990w, https:\/\/www.saporinostri.it\/wp-content\/uploads\/2020\/05\/farina-manitoba-oro-caputo-5-kg-front-441x441.jpg 441w, https:\/\/www.saporinostri.it\/wp-content\/uploads\/2020\/05\/farina-manitoba-oro-caputo-5-kg-front-800x800.jpg 800w, https:\/\/www.saporinostri.it\/wp-content\/uploads\/2020\/05\/farina-manitoba-oro-caputo-5-kg-front-64x64.jpg 64w, https:\/\/www.saporinostri.it\/wp-content\/uploads\/2020\/05\/farina-manitoba-oro-caputo-5-kg-front.jpg 1500w\" sizes=\"(max-width: 360px) 147px, (max-width: 300px) 100vw, 300px\" \/><\/noscript>\t\t\t\n\t<\/div><\/div><\/a><\/div><div class=\"woocommerce-card__header\">\t\t\t\t\t<p class=\"product__categories\"><a href=\"https:\/\/www.saporinostri.it\/de\/farine\/\" rel=\"tag\">Farine<\/a><\/p>\t\t\t\t<div class=\"woocommerce-loop-product__title\"><a tabindex=\"0\" href=\"https:\/\/www.saporinostri.it\/de\/farina-manitoba-oro-caputo-5-kg\/\" aria-label=\"Farina Manitoba Oro Caputo 5 Kg\" class=\"woocommerce-LoopProduct-link woocommerce-loop-product__link\">Farina Manitoba Oro Caputo 5 Kg<\/a><\/div><div class=\"star-rating\" role=\"img\" aria-label=\"Bewertet mit 4.93 von 5\"><span style=\"width:98.6%\">Bewertet mit <strong class=\"rating\">4.93<\/strong> von 5<\/span><\/div>\n\t<span class=\"price\"><del aria-hidden=\"true\"><span class=\"woocommerce-Price-amount amount\"><bdi><span class=\"woocommerce-Price-currencySymbol\">&euro;<\/span>10,40<\/bdi><\/span><\/del> <span class=\"screen-reader-text\">Urspr\u00fcnglicher Preis war: &euro;10,40<\/span><ins aria-hidden=\"true\"><span class=\"woocommerce-Price-amount amount\"><bdi><span class=\"woocommerce-Price-currencySymbol\">&euro;<\/span>7,19<\/bdi><\/span><\/ins><span class=\"screen-reader-text\">Aktueller Preis ist: &euro;7,19.<\/span><\/span>\n<\/a><a href=\"https:\/\/www.saporinostri.it\/de\/farina-manitoba-oro-caputo-5-kg\/\" aria-describedby=\"woocommerce_loop_add_to_cart_link_describedby_2180\" data-quantity=\"1\" class=\"button product_type_simple\" data-product_id=\"2180\" data-product_sku=\"8014601035721\" aria-label=\"Lese mehr \u00fcber &#8222;Farina Manitoba Oro Caputo 5 Kg&#8220;\" rel=\"nofollow\" data-success_message=\"\">Avvisami<\/a>\t<span id=\"woocommerce_loop_add_to_cart_link_describedby_2180\" class=\"screen-reader-text\">\n\t\t\t<\/span>\n\t\t\t<input type=\"hidden\" class=\"pmwProductId\" data-id=\"2180\">\n\t\t\t\t\t<script>\n\t\t\t(window.pmwDataLayer = window.pmwDataLayer || {}).products                = window.pmwDataLayer.products || {};\n\t\t\twindow.pmwDataLayer.products[2180] = {\"id\":\"2180\",\"sku\":\"8014601035721\",\"price\":7.19,\"brand\":\"\",\"quantity\":1,\"dyn_r_ids\":{\"post_id\":\"2180\",\"sku\":\"8014601035721\",\"gpf\":\"woocommerce_gpf_2180\",\"gla\":\"gla_2180\"},\"is_variable\":false,\"type\":\"simple\",\"name\":\"Farina Manitoba Oro Caputo 5 Kg\",\"category\":[\"Farine\"],\"is_variation\":false};\n\t\t\t\t\twindow.pmw_product_position = window.pmw_product_position || 1;\n\t\twindow.pmwDataLayer.products[2180]['position'] = window.pmw_product_position++;\n\t\t\t\t<\/script>\n\t\t<\/div><\/li>\n<li class=\"product type-product post-2176 status-publish instock product_cat-farine has-post-thumbnail sale taxable shipping-taxable purchasable product-type-simple\" style=\"--span: 1;\">\n\t<div class=\"commercekit-wishlist mini\" data-product-id=\"2176\"><a href=\"#\" class=\"commercekit-save-wishlist\" data-product-id=\"2176\" data-type=\"list\" title=\"Wishlist\" aria-label=\"Wishlist\"><em class=\"cg-wishlist\"><\/em><span><\/span><\/a><\/div><a href=\"https:\/\/www.saporinostri.it\/de\/farina-manitoba-oro-caputo-1-kg\/\" class=\"woocommerce-LoopProduct-link woocommerce-loop-product__link\"><div class=\"woocommerce-image__wrapper\"><a href=\"https:\/\/www.saporinostri.it\/de\/farina-manitoba-oro-caputo-1-kg\/\" title=\"Farina Manitoba Oro Caputo 1 Kg\" class=\"woocommerce-LoopProduct-link woocommerce-loop-product__link\"><span class=\"sale-item product-label type-circle\">-41%<\/span><div class=\"shoptimizer-plp-carousel-container\"><div class=\"shoptimizer-plp-image-wrapper\"><img decoding=\"async\" width=\"300\" height=\"300\" data-src=\"https:\/\/www.saporinostri.it\/wp-content\/uploads\/2020\/05\/farina-manitoba-oro-caputo-1-kg-front-300x300.jpg\" class=\"attachment-woocommerce_thumbnail size-woocommerce_thumbnail lazyload\" alt=\"Farina Manitoba Oro Caputo 1 Kg\" data-srcset=\"https:\/\/www.saporinostri.it\/wp-content\/uploads\/2020\/05\/farina-manitoba-oro-caputo-1-kg-front-300x300.jpg 300w, https:\/\/www.saporinostri.it\/wp-content\/uploads\/2020\/05\/farina-manitoba-oro-caputo-1-kg-front-150x150.jpg 150w, https:\/\/www.saporinostri.it\/wp-content\/uploads\/2020\/05\/farina-manitoba-oro-caputo-1-kg-front-800x800.jpg 800w, https:\/\/www.saporinostri.it\/wp-content\/uploads\/2020\/05\/farina-manitoba-oro-caputo-1-kg-front-1024x1024.jpg 1024w, https:\/\/www.saporinostri.it\/wp-content\/uploads\/2020\/05\/farina-manitoba-oro-caputo-1-kg-front-768x768.jpg 768w, https:\/\/www.saporinostri.it\/wp-content\/uploads\/2020\/05\/farina-manitoba-oro-caputo-1-kg-front-400x400.jpg 400w, https:\/\/www.saporinostri.it\/wp-content\/uploads\/2020\/05\/farina-manitoba-oro-caputo-1-kg-front-640x640.jpg 640w, https:\/\/www.saporinostri.it\/wp-content\/uploads\/2020\/05\/farina-manitoba-oro-caputo-1-kg-front-85x85.jpg 85w, https:\/\/www.saporinostri.it\/wp-content\/uploads\/2020\/05\/farina-manitoba-oro-caputo-1-kg-front-32x32.jpg 32w, https:\/\/www.saporinostri.it\/wp-content\/uploads\/2020\/05\/farina-manitoba-oro-caputo-1-kg-front.jpg 1100w\" data-sizes=\"(max-width: 360px) 147px, (max-width: 300px) 100vw, 300px\" src=\"data:image\/gif;base64,R0lGODlhAQABAAAAACH5BAEKAAEALAAAAAABAAEAAAICTAEAOw==\" style=\"--smush-placeholder-width: 300px; --smush-placeholder-aspect-ratio: 300\/300;\" \/><noscript><img loading=\"lazy\" decoding=\"async\" width=\"300\" height=\"300\" src=\"https:\/\/www.saporinostri.it\/wp-content\/uploads\/2020\/05\/farina-manitoba-oro-caputo-1-kg-front-300x300.jpg\" class=\"attachment-woocommerce_thumbnail size-woocommerce_thumbnail\" alt=\"Farina Manitoba Oro Caputo 1 Kg\" srcset=\"https:\/\/www.saporinostri.it\/wp-content\/uploads\/2020\/05\/farina-manitoba-oro-caputo-1-kg-front-300x300.jpg 300w, https:\/\/www.saporinostri.it\/wp-content\/uploads\/2020\/05\/farina-manitoba-oro-caputo-1-kg-front-150x150.jpg 150w, https:\/\/www.saporinostri.it\/wp-content\/uploads\/2020\/05\/farina-manitoba-oro-caputo-1-kg-front-800x800.jpg 800w, https:\/\/www.saporinostri.it\/wp-content\/uploads\/2020\/05\/farina-manitoba-oro-caputo-1-kg-front-1024x1024.jpg 1024w, https:\/\/www.saporinostri.it\/wp-content\/uploads\/2020\/05\/farina-manitoba-oro-caputo-1-kg-front-768x768.jpg 768w, https:\/\/www.saporinostri.it\/wp-content\/uploads\/2020\/05\/farina-manitoba-oro-caputo-1-kg-front-400x400.jpg 400w, https:\/\/www.saporinostri.it\/wp-content\/uploads\/2020\/05\/farina-manitoba-oro-caputo-1-kg-front-640x640.jpg 640w, https:\/\/www.saporinostri.it\/wp-content\/uploads\/2020\/05\/farina-manitoba-oro-caputo-1-kg-front-85x85.jpg 85w, https:\/\/www.saporinostri.it\/wp-content\/uploads\/2020\/05\/farina-manitoba-oro-caputo-1-kg-front-32x32.jpg 32w, https:\/\/www.saporinostri.it\/wp-content\/uploads\/2020\/05\/farina-manitoba-oro-caputo-1-kg-front.jpg 1100w\" sizes=\"(max-width: 360px) 147px, (max-width: 300px) 100vw, 300px\" \/><\/noscript>\t\t\t\n\t<\/div><\/div><\/a><\/div><div class=\"woocommerce-card__header\">\t\t\t\t\t<p class=\"product__categories\"><a href=\"https:\/\/www.saporinostri.it\/de\/farine\/\" rel=\"tag\">Farine<\/a><\/p>\t\t\t\t<div class=\"woocommerce-loop-product__title\"><a tabindex=\"0\" href=\"https:\/\/www.saporinostri.it\/de\/farina-manitoba-oro-caputo-1-kg\/\" aria-label=\"Farina Manitoba Oro Caputo 1 Kg\" class=\"woocommerce-LoopProduct-link woocommerce-loop-product__link\">Farina Manitoba Oro Caputo 1 Kg<\/a><\/div><div class=\"star-rating\" role=\"img\" aria-label=\"Bewertet mit 4.86 von 5\"><span style=\"width:97.2%\">Bewertet mit <strong class=\"rating\">4.86<\/strong> von 5<\/span><\/div>\n\t<span class=\"price\"><del aria-hidden=\"true\"><span class=\"woocommerce-Price-amount amount\"><bdi><span class=\"woocommerce-Price-currencySymbol\">&euro;<\/span>2,95<\/bdi><\/span><\/del> <span class=\"screen-reader-text\">Urspr\u00fcnglicher Preis war: &euro;2,95<\/span><ins aria-hidden=\"true\"><span class=\"woocommerce-Price-amount amount\"><bdi><span class=\"woocommerce-Price-currencySymbol\">&euro;<\/span>1,75<\/bdi><\/span><\/ins><span class=\"screen-reader-text\">Aktueller Preis ist: &euro;1,75.<\/span><\/span>\n<\/a><a href=\"\/de\/wp-json\/wp\/v2\/posts\/30980?add-to-cart=2176\" aria-describedby=\"woocommerce_loop_add_to_cart_link_describedby_2176\" data-quantity=\"1\" class=\"button product_type_simple add_to_cart_button ajax_add_to_cart\" data-product_id=\"2176\" data-product_sku=\"8014601034168\" aria-label=\"In den Warenkorb legen: \u201eFarina Manitoba Oro Caputo 1 Kg\u201c\" rel=\"nofollow\" data-success_message=\"\u201eFarina Manitoba Oro Caputo 1 Kg\u201c wurde deinem Warenkorb hinzugef\u00fcgt\" role=\"button\">In den Warenkorb<\/a>\t<span id=\"woocommerce_loop_add_to_cart_link_describedby_2176\" class=\"screen-reader-text\">\n\t\t\t<\/span>\n\t\t\t<input type=\"hidden\" class=\"pmwProductId\" data-id=\"2176\">\n\t\t\t\t\t<script>\n\t\t\t(window.pmwDataLayer = window.pmwDataLayer || {}).products                = window.pmwDataLayer.products || {};\n\t\t\twindow.pmwDataLayer.products[2176] = {\"id\":\"2176\",\"sku\":\"8014601034168\",\"price\":1.75,\"brand\":\"\",\"quantity\":1,\"dyn_r_ids\":{\"post_id\":\"2176\",\"sku\":\"8014601034168\",\"gpf\":\"woocommerce_gpf_2176\",\"gla\":\"gla_2176\"},\"is_variable\":false,\"type\":\"simple\",\"name\":\"Farina Manitoba Oro Caputo 1 Kg\",\"category\":[\"Farine\"],\"is_variation\":false};\n\t\t\t\t\twindow.pmw_product_position = window.pmw_product_position || 1;\n\t\twindow.pmwDataLayer.products[2176]['position'] = window.pmw_product_position++;\n\t\t\t\t<\/script>\n\t\t<\/div><\/li>\n<\/ul>\n<\/div>\t\t\t\t<\/div>\n\t\t\t\t<\/div>\n\t\t\t\t\t<\/div>\n\t\t<\/div>\n\t\t\t\t\t<\/div>\n\t\t<\/section>\n\t\t\t\t<\/div>\n\t\t","protected":false},"excerpt":{"rendered":"<p>Cremiges Velout\u00e9 aus Fenchel, Kartoffeln und Lauch, angereichert mit einem Hauch Balsamico-Essig, ideal f\u00fcr ein gesundes und schmackhaftes Gericht. Perfekt f\u00fcr jeden Anlass.<\/p>","protected":false},"author":1,"featured_media":28834,"comment_status":"open","ping_status":"closed","sticky":false,"template":"","format":"standard","meta":{"_acf_changed":false,"inline_featured_image":false,"wprm-recipe-roundup-name":"","wprm-recipe-roundup-description":"","_monsterinsights_skip_tracking":false,"_monsterinsights_sitenote_active":false,"_monsterinsights_sitenote_note":"","_monsterinsights_sitenote_category":0,"_jetpack_memberships_contains_paid_content":false,"footnotes":""},"categories":[158],"tags":[762,761,758,759,760,757],"class_list":["post-30980","post","type-post","status-publish","format-standard","has-post-thumbnail","hentry","category-ricette","tag-aceto","tag-aceto-balsamico","tag-finocchi","tag-patate","tag-porri","tag-vellutata"],"acf":[],"yoast_head":"<!-- This site is optimized with the Yoast SEO Premium plugin v23.7 (Yoast SEO v27.3) - https:\/\/yoast.com\/product\/yoast-seo-premium-wordpress\/ -->\n<title>Ricetta Vellutata di finocchi, patate, porri e aceto balsamico - Sapori Nostri<\/title>\n<meta name=\"description\" content=\"Ricetta vellutata cremosa di finocchi, patate e porri, arricchita con un tocco di aceto balsamico, ideale per un piatto sano e saporito.\" \/>\n<meta name=\"robots\" content=\"index, follow, max-snippet:-1, max-image-preview:large, max-video-preview:-1\" \/>\n<link rel=\"canonical\" href=\"https:\/\/www.saporinostri.it\/de\/ricetta-vellutata-di-finocchi-patate-porri-e-aceto-balsamico\/\" \/>\n<meta property=\"og:locale\" content=\"de_DE\" \/>\n<meta property=\"og:type\" content=\"article\" \/>\n<meta property=\"og:title\" content=\"Vellutata di finocchi, patate, porri e aceto balsamico\" \/>\n<meta property=\"og:description\" content=\"Ricetta vellutata cremosa di finocchi, patate e porri, arricchita con un tocco di aceto balsamico, ideale per un piatto sano e saporito.\" \/>\n<meta property=\"og:url\" content=\"https:\/\/www.saporinostri.it\/de\/ricetta-vellutata-di-finocchi-patate-porri-e-aceto-balsamico\/\" \/>\n<meta property=\"og:site_name\" content=\"Sapori Nostri\" \/>\n<meta property=\"article:publisher\" content=\"https:\/\/www.facebook.com\/saporinostri.it\/\" \/>\n<meta property=\"article:published_time\" content=\"2024-11-26T16:22:18+00:00\" \/>\n<meta property=\"article:modified_time\" content=\"2024-11-26T16:27:07+00:00\" \/>\n<meta property=\"og:image\" content=\"https:\/\/www.saporinostri.it\/wp-content\/uploads\/2024\/06\/vellutata_finocchi_IMG_5091-scrittal-840x340-1.jpg\" \/>\n\t<meta property=\"og:image:width\" content=\"840\" \/>\n\t<meta property=\"og:image:height\" content=\"340\" \/>\n\t<meta property=\"og:image:type\" content=\"image\/jpeg\" \/>\n<meta name=\"author\" content=\"Manlio Di Paola\" \/>\n<meta name=\"twitter:card\" content=\"summary_large_image\" \/>\n<meta name=\"twitter:label1\" content=\"Verfasst von\" \/>\n\t<meta name=\"twitter:data1\" content=\"Manlio Di Paola\" \/>\n\t<meta name=\"twitter:label2\" content=\"Gesch\u00e4tzte Lesezeit\" \/>\n\t<meta name=\"twitter:data2\" content=\"1\u00a0Minute\" \/>\n<script type=\"application\/ld+json\" class=\"yoast-schema-graph\">{\"@context\":\"https:\\\/\\\/schema.org\",\"@graph\":[{\"@type\":\"Article\",\"@id\":\"https:\\\/\\\/www.saporinostri.it\\\/ricetta-vellutata-di-finocchi-patate-porri-e-aceto-balsamico\\\/#article\",\"isPartOf\":{\"@id\":\"https:\\\/\\\/www.saporinostri.it\\\/ricetta-vellutata-di-finocchi-patate-porri-e-aceto-balsamico\\\/\"},\"author\":{\"name\":\"Manlio Di Paola\",\"@id\":\"https:\\\/\\\/www.saporinostri.it\\\/#\\\/schema\\\/person\\\/a5559b14e291612831a03b4c0d7ebd91\"},\"headline\":\"Vellutata di finocchi, patate, porri e aceto balsamico\",\"datePublished\":\"2024-11-26T16:22:18+00:00\",\"dateModified\":\"2024-11-26T16:27:07+00:00\",\"mainEntityOfPage\":{\"@id\":\"https:\\\/\\\/www.saporinostri.it\\\/ricetta-vellutata-di-finocchi-patate-porri-e-aceto-balsamico\\\/\"},\"wordCount\":281,\"commentCount\":0,\"publisher\":{\"@id\":\"https:\\\/\\\/www.saporinostri.it\\\/#organization\"},\"image\":{\"@id\":\"https:\\\/\\\/www.saporinostri.it\\\/ricetta-vellutata-di-finocchi-patate-porri-e-aceto-balsamico\\\/#primaryimage\"},\"thumbnailUrl\":\"https:\\\/\\\/www.saporinostri.it\\\/wp-content\\\/uploads\\\/2024\\\/06\\\/vellutata_finocchi_IMG_5091-scrittal-840x340-1.jpg\",\"keywords\":[\"aceto\",\"aceto balsamico\",\"finocchi\",\"patate\",\"porri\",\"vellutata\"],\"articleSection\":[\"Ricette\"],\"inLanguage\":\"de\",\"potentialAction\":[{\"@type\":\"CommentAction\",\"name\":\"Comment\",\"target\":[\"https:\\\/\\\/www.saporinostri.it\\\/ricetta-vellutata-di-finocchi-patate-porri-e-aceto-balsamico\\\/#respond\"]}]},{\"@type\":\"WebPage\",\"@id\":\"https:\\\/\\\/www.saporinostri.it\\\/ricetta-vellutata-di-finocchi-patate-porri-e-aceto-balsamico\\\/\",\"url\":\"https:\\\/\\\/www.saporinostri.it\\\/ricetta-vellutata-di-finocchi-patate-porri-e-aceto-balsamico\\\/\",\"name\":\"Ricetta Vellutata di finocchi, patate, porri e aceto balsamico - Sapori Nostri\",\"isPartOf\":{\"@id\":\"https:\\\/\\\/www.saporinostri.it\\\/#website\"},\"primaryImageOfPage\":{\"@id\":\"https:\\\/\\\/www.saporinostri.it\\\/ricetta-vellutata-di-finocchi-patate-porri-e-aceto-balsamico\\\/#primaryimage\"},\"image\":{\"@id\":\"https:\\\/\\\/www.saporinostri.it\\\/ricetta-vellutata-di-finocchi-patate-porri-e-aceto-balsamico\\\/#primaryimage\"},\"thumbnailUrl\":\"https:\\\/\\\/www.saporinostri.it\\\/wp-content\\\/uploads\\\/2024\\\/06\\\/vellutata_finocchi_IMG_5091-scrittal-840x340-1.jpg\",\"datePublished\":\"2024-11-26T16:22:18+00:00\",\"dateModified\":\"2024-11-26T16:27:07+00:00\",\"description\":\"Ricetta vellutata cremosa di finocchi, patate e porri, arricchita con un tocco di aceto balsamico, ideale per un piatto sano e saporito.\",\"breadcrumb\":{\"@id\":\"https:\\\/\\\/www.saporinostri.it\\\/ricetta-vellutata-di-finocchi-patate-porri-e-aceto-balsamico\\\/#breadcrumb\"},\"inLanguage\":\"de\",\"potentialAction\":[{\"@type\":\"ReadAction\",\"target\":[\"https:\\\/\\\/www.saporinostri.it\\\/ricetta-vellutata-di-finocchi-patate-porri-e-aceto-balsamico\\\/\"]}]},{\"@type\":\"ImageObject\",\"inLanguage\":\"de\",\"@id\":\"https:\\\/\\\/www.saporinostri.it\\\/ricetta-vellutata-di-finocchi-patate-porri-e-aceto-balsamico\\\/#primaryimage\",\"url\":\"https:\\\/\\\/www.saporinostri.it\\\/wp-content\\\/uploads\\\/2024\\\/06\\\/vellutata_finocchi_IMG_5091-scrittal-840x340-1.jpg\",\"contentUrl\":\"https:\\\/\\\/www.saporinostri.it\\\/wp-content\\\/uploads\\\/2024\\\/06\\\/vellutata_finocchi_IMG_5091-scrittal-840x340-1.jpg\",\"width\":840,\"height\":340},{\"@type\":\"BreadcrumbList\",\"@id\":\"https:\\\/\\\/www.saporinostri.it\\\/ricetta-vellutata-di-finocchi-patate-porri-e-aceto-balsamico\\\/#breadcrumb\",\"itemListElement\":[{\"@type\":\"ListItem\",\"position\":1,\"name\":\"Home\",\"item\":\"https:\\\/\\\/www.saporinostri.it\\\/\"},{\"@type\":\"ListItem\",\"position\":2,\"name\":\"Vellutata di finocchi, patate, porri e aceto balsamico\"}]},{\"@type\":\"WebSite\",\"@id\":\"https:\\\/\\\/www.saporinostri.it\\\/#website\",\"url\":\"https:\\\/\\\/www.saporinostri.it\\\/\",\"name\":\"Sapori Nostri\",\"description\":\"\",\"publisher\":{\"@id\":\"https:\\\/\\\/www.saporinostri.it\\\/#organization\"},\"potentialAction\":[{\"@type\":\"SearchAction\",\"target\":{\"@type\":\"EntryPoint\",\"urlTemplate\":\"https:\\\/\\\/www.saporinostri.it\\\/?s={search_term_string}\"},\"query-input\":{\"@type\":\"PropertyValueSpecification\",\"valueRequired\":true,\"valueName\":\"search_term_string\"}}],\"inLanguage\":\"de\"},{\"@type\":\"Organization\",\"@id\":\"https:\\\/\\\/www.saporinostri.it\\\/#organization\",\"name\":\"Sapori Nostri\",\"url\":\"https:\\\/\\\/www.saporinostri.it\\\/\",\"logo\":{\"@type\":\"ImageObject\",\"inLanguage\":\"de\",\"@id\":\"https:\\\/\\\/www.saporinostri.it\\\/#\\\/schema\\\/logo\\\/image\\\/\",\"url\":\"https:\\\/\\\/www.saporinostri.it\\\/wp-content\\\/uploads\\\/2020\\\/05\\\/logo-retina.png\",\"contentUrl\":\"https:\\\/\\\/www.saporinostri.it\\\/wp-content\\\/uploads\\\/2020\\\/05\\\/logo-retina.png\",\"width\":500,\"height\":109,\"caption\":\"Sapori Nostri\"},\"image\":{\"@id\":\"https:\\\/\\\/www.saporinostri.it\\\/#\\\/schema\\\/logo\\\/image\\\/\"},\"sameAs\":[\"https:\\\/\\\/www.facebook.com\\\/saporinostri.it\\\/\",\"https:\\\/\\\/www.instagram.com\\\/saporinostri.it\\\/\"]},{\"@type\":\"Person\",\"@id\":\"https:\\\/\\\/www.saporinostri.it\\\/#\\\/schema\\\/person\\\/a5559b14e291612831a03b4c0d7ebd91\",\"name\":\"Manlio Di Paola\",\"image\":{\"@type\":\"ImageObject\",\"inLanguage\":\"de\",\"@id\":\"https:\\\/\\\/secure.gravatar.com\\\/avatar\\\/34530845b4578c7824463cfbc9dd0215324120596eb5887c61438299c9501cb3?s=96&d=mm&r=g\",\"url\":\"https:\\\/\\\/secure.gravatar.com\\\/avatar\\\/34530845b4578c7824463cfbc9dd0215324120596eb5887c61438299c9501cb3?s=96&d=mm&r=g\",\"contentUrl\":\"https:\\\/\\\/secure.gravatar.com\\\/avatar\\\/34530845b4578c7824463cfbc9dd0215324120596eb5887c61438299c9501cb3?s=96&d=mm&r=g\",\"caption\":\"Manlio Di Paola\"},\"sameAs\":[\"https:\\\/\\\/www.saporinostri.it\"]}]}<\/script>\n<!-- \/ Yoast SEO Premium plugin. -->","yoast_head_json":{"title":"Rezept f\u00fcr cremigen Fenchel, Kartoffeln, Lauch und Balsamico-Essig \u2013 Sapori Nostri","description":"Cremig-samtige Rezeptur aus Fenchel, Kartoffeln und Lauch, angereichert mit einem Hauch Balsamico-Essig, ideal f\u00fcr ein gesundes und schmackhaftes Gericht.","robots":{"index":"index","follow":"follow","max-snippet":"max-snippet:-1","max-image-preview":"max-image-preview:large","max-video-preview":"max-video-preview:-1"},"canonical":"https:\/\/www.saporinostri.it\/de\/ricetta-vellutata-di-finocchi-patate-porri-e-aceto-balsamico\/","og_locale":"de_DE","og_type":"article","og_title":"Vellutata di finocchi, patate, porri e aceto balsamico","og_description":"Ricetta vellutata cremosa di finocchi, patate e porri, arricchita con un tocco di aceto balsamico, ideale per un piatto sano e saporito.","og_url":"https:\/\/www.saporinostri.it\/de\/ricetta-vellutata-di-finocchi-patate-porri-e-aceto-balsamico\/","og_site_name":"Sapori Nostri","article_publisher":"https:\/\/www.facebook.com\/saporinostri.it\/","article_published_time":"2024-11-26T16:22:18+00:00","article_modified_time":"2024-11-26T16:27:07+00:00","og_image":[{"width":840,"height":340,"url":"https:\/\/www.saporinostri.it\/wp-content\/uploads\/2024\/06\/vellutata_finocchi_IMG_5091-scrittal-840x340-1.jpg","type":"image\/jpeg"}],"author":"Manlio Di Paola","twitter_card":"summary_large_image","twitter_misc":{"Verfasst von":"Manlio Di Paola","Gesch\u00e4tzte Lesezeit":"1\u00a0Minute"},"schema":{"@context":"https:\/\/schema.org","@graph":[{"@type":"Article","@id":"https:\/\/www.saporinostri.it\/ricetta-vellutata-di-finocchi-patate-porri-e-aceto-balsamico\/#article","isPartOf":{"@id":"https:\/\/www.saporinostri.it\/ricetta-vellutata-di-finocchi-patate-porri-e-aceto-balsamico\/"},"author":{"name":"Manlio Di Paola","@id":"https:\/\/www.saporinostri.it\/#\/schema\/person\/a5559b14e291612831a03b4c0d7ebd91"},"headline":"Vellutata di finocchi, patate, porri e aceto balsamico","datePublished":"2024-11-26T16:22:18+00:00","dateModified":"2024-11-26T16:27:07+00:00","mainEntityOfPage":{"@id":"https:\/\/www.saporinostri.it\/ricetta-vellutata-di-finocchi-patate-porri-e-aceto-balsamico\/"},"wordCount":281,"commentCount":0,"publisher":{"@id":"https:\/\/www.saporinostri.it\/#organization"},"image":{"@id":"https:\/\/www.saporinostri.it\/ricetta-vellutata-di-finocchi-patate-porri-e-aceto-balsamico\/#primaryimage"},"thumbnailUrl":"https:\/\/www.saporinostri.it\/wp-content\/uploads\/2024\/06\/vellutata_finocchi_IMG_5091-scrittal-840x340-1.jpg","keywords":["aceto","aceto balsamico","finocchi","patate","porri","vellutata"],"articleSection":["Ricette"],"inLanguage":"de","potentialAction":[{"@type":"CommentAction","name":"Comment","target":["https:\/\/www.saporinostri.it\/ricetta-vellutata-di-finocchi-patate-porri-e-aceto-balsamico\/#respond"]}]},{"@type":"WebPage","@id":"https:\/\/www.saporinostri.it\/ricetta-vellutata-di-finocchi-patate-porri-e-aceto-balsamico\/","url":"https:\/\/www.saporinostri.it\/ricetta-vellutata-di-finocchi-patate-porri-e-aceto-balsamico\/","name":"Rezept f\u00fcr cremigen Fenchel, Kartoffeln, Lauch und Balsamico-Essig \u2013 Sapori Nostri","isPartOf":{"@id":"https:\/\/www.saporinostri.it\/#website"},"primaryImageOfPage":{"@id":"https:\/\/www.saporinostri.it\/ricetta-vellutata-di-finocchi-patate-porri-e-aceto-balsamico\/#primaryimage"},"image":{"@id":"https:\/\/www.saporinostri.it\/ricetta-vellutata-di-finocchi-patate-porri-e-aceto-balsamico\/#primaryimage"},"thumbnailUrl":"https:\/\/www.saporinostri.it\/wp-content\/uploads\/2024\/06\/vellutata_finocchi_IMG_5091-scrittal-840x340-1.jpg","datePublished":"2024-11-26T16:22:18+00:00","dateModified":"2024-11-26T16:27:07+00:00","description":"Cremig-samtige Rezeptur aus Fenchel, Kartoffeln und Lauch, angereichert mit einem Hauch Balsamico-Essig, ideal f\u00fcr ein gesundes und schmackhaftes Gericht.","breadcrumb":{"@id":"https:\/\/www.saporinostri.it\/ricetta-vellutata-di-finocchi-patate-porri-e-aceto-balsamico\/#breadcrumb"},"inLanguage":"de","potentialAction":[{"@type":"ReadAction","target":["https:\/\/www.saporinostri.it\/ricetta-vellutata-di-finocchi-patate-porri-e-aceto-balsamico\/"]}]},{"@type":"ImageObject","inLanguage":"de","@id":"https:\/\/www.saporinostri.it\/ricetta-vellutata-di-finocchi-patate-porri-e-aceto-balsamico\/#primaryimage","url":"https:\/\/www.saporinostri.it\/wp-content\/uploads\/2024\/06\/vellutata_finocchi_IMG_5091-scrittal-840x340-1.jpg","contentUrl":"https:\/\/www.saporinostri.it\/wp-content\/uploads\/2024\/06\/vellutata_finocchi_IMG_5091-scrittal-840x340-1.jpg","width":840,"height":340},{"@type":"BreadcrumbList","@id":"https:\/\/www.saporinostri.it\/ricetta-vellutata-di-finocchi-patate-porri-e-aceto-balsamico\/#breadcrumb","itemListElement":[{"@type":"ListItem","position":1,"name":"Home","item":"https:\/\/www.saporinostri.it\/"},{"@type":"ListItem","position":2,"name":"Vellutata di finocchi, patate, porri e aceto balsamico"}]},{"@type":"WebSite","@id":"https:\/\/www.saporinostri.it\/#website","url":"https:\/\/www.saporinostri.it\/","name":"Sapori Nostri","description":"","publisher":{"@id":"https:\/\/www.saporinostri.it\/#organization"},"potentialAction":[{"@type":"SearchAction","target":{"@type":"EntryPoint","urlTemplate":"https:\/\/www.saporinostri.it\/?s={search_term_string}"},"query-input":{"@type":"PropertyValueSpecification","valueRequired":true,"valueName":"search_term_string"}}],"inLanguage":"de"},{"@type":"Organization","@id":"https:\/\/www.saporinostri.it\/#organization","name":"Sapori Nostri","url":"https:\/\/www.saporinostri.it\/","logo":{"@type":"ImageObject","inLanguage":"de","@id":"https:\/\/www.saporinostri.it\/#\/schema\/logo\/image\/","url":"https:\/\/www.saporinostri.it\/wp-content\/uploads\/2020\/05\/logo-retina.png","contentUrl":"https:\/\/www.saporinostri.it\/wp-content\/uploads\/2020\/05\/logo-retina.png","width":500,"height":109,"caption":"Sapori Nostri"},"image":{"@id":"https:\/\/www.saporinostri.it\/#\/schema\/logo\/image\/"},"sameAs":["https:\/\/www.facebook.com\/saporinostri.it\/","https:\/\/www.instagram.com\/saporinostri.it\/"]},{"@type":"Person","@id":"https:\/\/www.saporinostri.it\/#\/schema\/person\/a5559b14e291612831a03b4c0d7ebd91","name":"Manlio Di Paola","image":{"@type":"ImageObject","inLanguage":"de","@id":"https:\/\/secure.gravatar.com\/avatar\/34530845b4578c7824463cfbc9dd0215324120596eb5887c61438299c9501cb3?s=96&d=mm&r=g","url":"https:\/\/secure.gravatar.com\/avatar\/34530845b4578c7824463cfbc9dd0215324120596eb5887c61438299c9501cb3?s=96&d=mm&r=g","contentUrl":"https:\/\/secure.gravatar.com\/avatar\/34530845b4578c7824463cfbc9dd0215324120596eb5887c61438299c9501cb3?s=96&d=mm&r=g","caption":"Manlio Di Paola"},"sameAs":["https:\/\/www.saporinostri.it"]}]}},"jetpack_featured_media_url":"https:\/\/www.saporinostri.it\/wp-content\/uploads\/2024\/06\/vellutata_finocchi_IMG_5091-scrittal-840x340-1.jpg","jetpack_sharing_enabled":true,"_links":{"self":[{"href":"https:\/\/www.saporinostri.it\/de\/wp-json\/wp\/v2\/posts\/30980","targetHints":{"allow":["GET"]}}],"collection":[{"href":"https:\/\/www.saporinostri.it\/de\/wp-json\/wp\/v2\/posts"}],"about":[{"href":"https:\/\/www.saporinostri.it\/de\/wp-json\/wp\/v2\/types\/post"}],"author":[{"embeddable":true,"href":"https:\/\/www.saporinostri.it\/de\/wp-json\/wp\/v2\/users\/1"}],"replies":[{"embeddable":true,"href":"https:\/\/www.saporinostri.it\/de\/wp-json\/wp\/v2\/comments?post=30980"}],"version-history":[{"count":0,"href":"https:\/\/www.saporinostri.it\/de\/wp-json\/wp\/v2\/posts\/30980\/revisions"}],"wp:featuredmedia":[{"embeddable":true,"href":"https:\/\/www.saporinostri.it\/de\/wp-json\/wp\/v2\/media\/28834"}],"wp:attachment":[{"href":"https:\/\/www.saporinostri.it\/de\/wp-json\/wp\/v2\/media?parent=30980"}],"wp:term":[{"taxonomy":"category","embeddable":true,"href":"https:\/\/www.saporinostri.it\/de\/wp-json\/wp\/v2\/categories?post=30980"},{"taxonomy":"post_tag","embeddable":true,"href":"https:\/\/www.saporinostri.it\/de\/wp-json\/wp\/v2\/tags?post=30980"}],"curies":[{"name":"wp","href":"https:\/\/api.w.org\/{rel}","templated":true}]}}