{"id":3860,"date":"2020-10-08T16:39:02","date_gmt":"2020-10-08T15:39:02","guid":{"rendered":"https:\/\/woocommerce-587295-4567585.cloudwaysapps.com\/?p=3860"},"modified":"2021-05-19T09:49:53","modified_gmt":"2021-05-19T08:49:53","slug":"melanzana-lunga-di-napoli","status":"publish","type":"post","link":"https:\/\/www.saporinostri.it\/de\/melanzana-lunga-di-napoli\/","title":{"rendered":"Lange Aubergine aus Neapel"},"content":{"rendered":"<div data-elementor-type=\"wp-post\" data-elementor-id=\"3860\" class=\"elementor elementor-3860\" data-elementor-post-type=\"post\">\n\t\t\t\t\t\t<section class=\"elementor-section elementor-top-section elementor-element elementor-element-5b4a8809 elementor-section-boxed elementor-section-height-default elementor-section-height-default\" data-id=\"5b4a8809\" data-element_type=\"section\" data-e-type=\"section\">\n\t\t\t\t\t\t<div class=\"elementor-container elementor-column-gap-default\">\n\t\t\t\t\t<div class=\"elementor-column elementor-col-100 elementor-top-column elementor-element elementor-element-683e8c2d\" data-id=\"683e8c2d\" data-element_type=\"column\" data-e-type=\"column\">\n\t\t\t<div class=\"elementor-widget-wrap elementor-element-populated\">\n\t\t\t\t\t\t<div class=\"elementor-element elementor-element-2f61388b elementor-widget elementor-widget-text-editor\" data-id=\"2f61388b\" data-element_type=\"widget\" data-e-type=\"widget\" data-widget_type=\"text-editor.default\">\n\t\t\t\t<div class=\"elementor-widget-container\">\n\t\t\t\t\t\t\t\t\t<p><\/p>\n<p style=\"color: #333333;\"><strong><img fetchpriority=\"high\" decoding=\"async\" src=\"https:\/\/www.saporinostri.it\/wp-content\/uploads\/2020\/10\/Melanzana-lunga-Napoli.jpg\" alt=\"Lange Aubergine aus Neapel\" width=\"1024\" height=\"600\" \/><\/strong><\/p>\n<p>Die Lange Aubergine von Neapel ist ein Gem\u00fcse mit l\u00e4nglichen Fr\u00fcchten, dunkelviolett, mit einem langen Stiel und einer abgerundeten und \/ oder leicht spitzen Spitze. Es geh\u00f6rt zur Familie der Solanaceae, Gattung Solanum, eine einj\u00e4hrige krautige Pflanze mit einem aufrechten und verzweigten St\u00e4ngel. Die Bl\u00e4tter sind gro\u00df gr\u00fcn und filzig, die Bl\u00fcten gro\u00df lila. Es hat l\u00e4ngliche Fr\u00fcchte, dunkel schwarzbraun mit violetten Reflexen. Die Gr\u00f6\u00dfe der kommerziellen Fr\u00fcchte variiert bei der Ernte zwischen 18 und 20 cm L\u00e4nge.\u00a0<\/p>\n<p><span style=\"font-size: 1.05em;\">Die Kultivierung, die mit Hilfe von St\u00fctzstangen und Dr\u00e4hten durchgef\u00fchrt wird, ist vollst\u00e4ndig manuell; die Kulturperiode variiert von April bis November und in dieser Zeit ist es m\u00f6glich, mehrere Kulturzyklen durchzuf\u00fchren, es kann sowohl auf offenem Feld als auch in Tunneln oder Gew\u00e4chsh\u00e4usern angebaut werden, der Pflanzabstand betr\u00e4gt 1 m zwischen den Reihen und 0,5 m auf die Reihe, mit einer Anzahl von Pflanzen pro Hektar, betr\u00e4gt etwa 20.000. Geerntet wird von Juli bis Sp\u00e4therbst. Nach der Ernte, die von Hand durchgef\u00fchrt wird, wird das Produkt in Holz- und \/ oder Kunststoffkisten gelegt und auf die M\u00e4rkte geschickt.<\/span><\/p>\n<p>Das Vorkommen von Auberginen in Europa ist sehr alt und wurde wahrscheinlich im sp\u00e4ten Mittelalter von arabischen Kaufleuten in Europa eingef\u00fchrt. Wie andere Pflanzen der Familie der Nachtschattengew\u00e4chse war sie lange Zeit von einem schlechten Ruf begleitet; Aus diesem Grund begann seine Verbreitung in Europa erst ab dem 18. Jahrhundert, einer Zeit, in der es anfing, sich zuerst auf den Tischen des Volkes und dann des Adels zu etablieren. Die neapolitanische Aubergine, die f\u00fcr ihre organoleptischen Eigenschaften sowie f\u00fcr ihre Konsistenz und geringe Oxidationsneigung gesch\u00e4tzt wird, wird in zahlreichen gastronomischen Zubereitungen verwendet, meist gebraten (&quot;Pilz&quot;, &quot;Parmigiana&quot;, &quot;gef\u00fcllt&quot;), aber auch gebacken, gegrillt, in \u00d6l oder in Kombination mit Nudeln.<\/p>\t\t\t\t\t\t\t\t<\/div>\n\t\t\t\t<\/div>\n\t\t\t\t\t<\/div>\n\t\t<\/div>\n\t\t\t\t\t<\/div>\n\t\t<\/section>\n\t\t\t\t<section class=\"elementor-section elementor-top-section elementor-element elementor-element-e6bc845 elementor-section-boxed elementor-section-height-default elementor-section-height-default\" data-id=\"e6bc845\" data-element_type=\"section\" data-e-type=\"section\">\n\t\t\t\t\t\t<div class=\"elementor-container elementor-column-gap-default\">\n\t\t\t\t\t<div class=\"elementor-column elementor-col-100 elementor-top-column elementor-element elementor-element-0e3f851\" data-id=\"0e3f851\" data-element_type=\"column\" data-e-type=\"column\">\n\t\t\t<div class=\"elementor-widget-wrap elementor-element-populated\">\n\t\t\t\t\t\t<div class=\"elementor-element elementor-element-15e0c9a elementor-widget elementor-widget-heading\" data-id=\"15e0c9a\" data-element_type=\"widget\" data-e-type=\"widget\" data-widget_type=\"heading.default\">\n\t\t\t\t<div class=\"elementor-widget-container\">\n\t\t\t\t\t<h4 class=\"elementor-heading-title elementor-size-medium\">SIE K\u00d6NNTEN INTERESSIERT SEIN<\/h4>\t\t\t\t<\/div>\n\t\t\t\t<\/div>\n\t\t\t\t\t<\/div>\n\t\t<\/div>\n\t\t\t\t\t<\/div>\n\t\t<\/section>\n\t\t\t\t<\/div>","protected":false},"excerpt":{"rendered":"<p>La Melanzana Lunga di Napoli \u00e8 un ortaggio che presenta frutti di forma oblunga, di colore viola scuro, con peduncolo lungo e apice stilare tondeggiante e\/o leggermente appuntito. Appartiene alla famiglia delle Solanacee, genere Solanum, pianta erbacea annuale, con fusto eretto e ramificato. Le foglie sono grandi di colore verde e tomentose, i fiori sono [&hellip;]<\/p>\n","protected":false},"author":1,"featured_media":3862,"comment_status":"open","ping_status":"closed","sticky":false,"template":"","format":"standard","meta":{"_acf_changed":false,"inline_featured_image":false,"wprm-recipe-roundup-name":"","wprm-recipe-roundup-description":"","_monsterinsights_skip_tracking":false,"_monsterinsights_sitenote_active":false,"_monsterinsights_sitenote_note":"","_monsterinsights_sitenote_category":0,"_jetpack_memberships_contains_paid_content":false,"footnotes":""},"categories":[479],"tags":[],"class_list":["post-3860","post","type-post","status-publish","format-standard","has-post-thumbnail","hentry","category-curiosita"],"acf":[],"yoast_head":"<!-- This site is optimized with the Yoast SEO Premium plugin v23.7 (Yoast SEO v27.3) - https:\/\/yoast.com\/product\/yoast-seo-premium-wordpress\/ -->\n<title>Melanzana Lunga di Napoli - Sapori Nostri<\/title>\n<meta name=\"description\" content=\"La Melanzana Lunga di Napoli viene coltivata nelle aree pianeggianti delle province di Napoli, di Caserta ed in parte di Salerno\" \/>\n<meta name=\"robots\" content=\"index, follow, max-snippet:-1, max-image-preview:large, max-video-preview:-1\" \/>\n<link rel=\"canonical\" href=\"https:\/\/www.saporinostri.it\/de\/melanzana-lunga-di-napoli\/\" \/>\n<meta property=\"og:locale\" content=\"de_DE\" \/>\n<meta property=\"og:type\" content=\"article\" \/>\n<meta property=\"og:title\" content=\"Melanzana lunga di Napoli\" \/>\n<meta property=\"og:description\" content=\"La Melanzana Lunga di Napoli viene coltivata nelle aree pianeggianti delle province di Napoli, di Caserta ed in parte di Salerno\" \/>\n<meta property=\"og:url\" content=\"https:\/\/www.saporinostri.it\/de\/melanzana-lunga-di-napoli\/\" \/>\n<meta property=\"og:site_name\" content=\"Sapori Nostri\" \/>\n<meta property=\"article:publisher\" content=\"https:\/\/www.facebook.com\/saporinostri.it\/\" \/>\n<meta property=\"article:published_time\" content=\"2020-10-08T15:39:02+00:00\" \/>\n<meta property=\"article:modified_time\" content=\"2021-05-19T08:49:53+00:00\" \/>\n<meta property=\"og:image\" content=\"https:\/\/www.saporinostri.it\/wp-content\/uploads\/2020\/10\/Melanzana-lunga-Napoli.jpg\" \/>\n\t<meta property=\"og:image:width\" content=\"1024\" \/>\n\t<meta property=\"og:image:height\" content=\"600\" \/>\n\t<meta property=\"og:image:type\" content=\"image\/jpeg\" \/>\n<meta name=\"author\" content=\"Manlio Di Paola\" \/>\n<meta name=\"twitter:card\" content=\"summary_large_image\" \/>\n<meta name=\"twitter:label1\" content=\"Verfasst von\" \/>\n\t<meta name=\"twitter:data1\" content=\"Manlio Di Paola\" \/>\n\t<meta name=\"twitter:label2\" content=\"Gesch\u00e4tzte Lesezeit\" \/>\n\t<meta name=\"twitter:data2\" content=\"2\u00a0Minuten\" \/>\n<script type=\"application\/ld+json\" class=\"yoast-schema-graph\">{\"@context\":\"https:\\\/\\\/schema.org\",\"@graph\":[{\"@type\":\"Article\",\"@id\":\"https:\\\/\\\/www.saporinostri.it\\\/melanzana-lunga-di-napoli\\\/#article\",\"isPartOf\":{\"@id\":\"https:\\\/\\\/www.saporinostri.it\\\/melanzana-lunga-di-napoli\\\/\"},\"author\":{\"name\":\"Manlio Di Paola\",\"@id\":\"https:\\\/\\\/www.saporinostri.it\\\/#\\\/schema\\\/person\\\/a5559b14e291612831a03b4c0d7ebd91\"},\"headline\":\"Melanzana lunga di Napoli\",\"datePublished\":\"2020-10-08T15:39:02+00:00\",\"dateModified\":\"2021-05-19T08:49:53+00:00\",\"mainEntityOfPage\":{\"@id\":\"https:\\\/\\\/www.saporinostri.it\\\/melanzana-lunga-di-napoli\\\/\"},\"wordCount\":384,\"commentCount\":0,\"publisher\":{\"@id\":\"https:\\\/\\\/www.saporinostri.it\\\/#organization\"},\"image\":{\"@id\":\"https:\\\/\\\/www.saporinostri.it\\\/melanzana-lunga-di-napoli\\\/#primaryimage\"},\"thumbnailUrl\":\"https:\\\/\\\/www.saporinostri.it\\\/wp-content\\\/uploads\\\/2020\\\/10\\\/Melanzana-lunga-Napoli.jpg\",\"articleSection\":[\"Curiosit\u00e0\"],\"inLanguage\":\"de\",\"potentialAction\":[{\"@type\":\"CommentAction\",\"name\":\"Comment\",\"target\":[\"https:\\\/\\\/www.saporinostri.it\\\/melanzana-lunga-di-napoli\\\/#respond\"]}]},{\"@type\":\"WebPage\",\"@id\":\"https:\\\/\\\/www.saporinostri.it\\\/melanzana-lunga-di-napoli\\\/\",\"url\":\"https:\\\/\\\/www.saporinostri.it\\\/melanzana-lunga-di-napoli\\\/\",\"name\":\"Melanzana Lunga di Napoli - Sapori Nostri\",\"isPartOf\":{\"@id\":\"https:\\\/\\\/www.saporinostri.it\\\/#website\"},\"primaryImageOfPage\":{\"@id\":\"https:\\\/\\\/www.saporinostri.it\\\/melanzana-lunga-di-napoli\\\/#primaryimage\"},\"image\":{\"@id\":\"https:\\\/\\\/www.saporinostri.it\\\/melanzana-lunga-di-napoli\\\/#primaryimage\"},\"thumbnailUrl\":\"https:\\\/\\\/www.saporinostri.it\\\/wp-content\\\/uploads\\\/2020\\\/10\\\/Melanzana-lunga-Napoli.jpg\",\"datePublished\":\"2020-10-08T15:39:02+00:00\",\"dateModified\":\"2021-05-19T08:49:53+00:00\",\"description\":\"La Melanzana Lunga di Napoli viene coltivata nelle aree pianeggianti delle province di Napoli, di Caserta ed in parte di Salerno\",\"breadcrumb\":{\"@id\":\"https:\\\/\\\/www.saporinostri.it\\\/melanzana-lunga-di-napoli\\\/#breadcrumb\"},\"inLanguage\":\"de\",\"potentialAction\":[{\"@type\":\"ReadAction\",\"target\":[\"https:\\\/\\\/www.saporinostri.it\\\/melanzana-lunga-di-napoli\\\/\"]}]},{\"@type\":\"ImageObject\",\"inLanguage\":\"de\",\"@id\":\"https:\\\/\\\/www.saporinostri.it\\\/melanzana-lunga-di-napoli\\\/#primaryimage\",\"url\":\"https:\\\/\\\/www.saporinostri.it\\\/wp-content\\\/uploads\\\/2020\\\/10\\\/Melanzana-lunga-Napoli.jpg\",\"contentUrl\":\"https:\\\/\\\/www.saporinostri.it\\\/wp-content\\\/uploads\\\/2020\\\/10\\\/Melanzana-lunga-Napoli.jpg\",\"width\":1024,\"height\":600,\"caption\":\"Melanzana lunga di Napoli\"},{\"@type\":\"BreadcrumbList\",\"@id\":\"https:\\\/\\\/www.saporinostri.it\\\/melanzana-lunga-di-napoli\\\/#breadcrumb\",\"itemListElement\":[{\"@type\":\"ListItem\",\"position\":1,\"name\":\"Home\",\"item\":\"https:\\\/\\\/www.saporinostri.it\\\/\"},{\"@type\":\"ListItem\",\"position\":2,\"name\":\"Melanzana lunga di Napoli\"}]},{\"@type\":\"WebSite\",\"@id\":\"https:\\\/\\\/www.saporinostri.it\\\/#website\",\"url\":\"https:\\\/\\\/www.saporinostri.it\\\/\",\"name\":\"Sapori Nostri\",\"description\":\"\",\"publisher\":{\"@id\":\"https:\\\/\\\/www.saporinostri.it\\\/#organization\"},\"potentialAction\":[{\"@type\":\"SearchAction\",\"target\":{\"@type\":\"EntryPoint\",\"urlTemplate\":\"https:\\\/\\\/www.saporinostri.it\\\/?s={search_term_string}\"},\"query-input\":{\"@type\":\"PropertyValueSpecification\",\"valueRequired\":true,\"valueName\":\"search_term_string\"}}],\"inLanguage\":\"de\"},{\"@type\":\"Organization\",\"@id\":\"https:\\\/\\\/www.saporinostri.it\\\/#organization\",\"name\":\"Sapori Nostri\",\"url\":\"https:\\\/\\\/www.saporinostri.it\\\/\",\"logo\":{\"@type\":\"ImageObject\",\"inLanguage\":\"de\",\"@id\":\"https:\\\/\\\/www.saporinostri.it\\\/#\\\/schema\\\/logo\\\/image\\\/\",\"url\":\"https:\\\/\\\/www.saporinostri.it\\\/wp-content\\\/uploads\\\/2020\\\/05\\\/logo-retina.png\",\"contentUrl\":\"https:\\\/\\\/www.saporinostri.it\\\/wp-content\\\/uploads\\\/2020\\\/05\\\/logo-retina.png\",\"width\":500,\"height\":109,\"caption\":\"Sapori Nostri\"},\"image\":{\"@id\":\"https:\\\/\\\/www.saporinostri.it\\\/#\\\/schema\\\/logo\\\/image\\\/\"},\"sameAs\":[\"https:\\\/\\\/www.facebook.com\\\/saporinostri.it\\\/\",\"https:\\\/\\\/www.instagram.com\\\/saporinostri.it\\\/\"]},{\"@type\":\"Person\",\"@id\":\"https:\\\/\\\/www.saporinostri.it\\\/#\\\/schema\\\/person\\\/a5559b14e291612831a03b4c0d7ebd91\",\"name\":\"Manlio Di Paola\",\"image\":{\"@type\":\"ImageObject\",\"inLanguage\":\"de\",\"@id\":\"https:\\\/\\\/secure.gravatar.com\\\/avatar\\\/34530845b4578c7824463cfbc9dd0215324120596eb5887c61438299c9501cb3?s=96&d=mm&r=g\",\"url\":\"https:\\\/\\\/secure.gravatar.com\\\/avatar\\\/34530845b4578c7824463cfbc9dd0215324120596eb5887c61438299c9501cb3?s=96&d=mm&r=g\",\"contentUrl\":\"https:\\\/\\\/secure.gravatar.com\\\/avatar\\\/34530845b4578c7824463cfbc9dd0215324120596eb5887c61438299c9501cb3?s=96&d=mm&r=g\",\"caption\":\"Manlio Di Paola\"},\"sameAs\":[\"https:\\\/\\\/www.saporinostri.it\"]}]}<\/script>\n<!-- \/ Yoast SEO Premium plugin. -->","yoast_head_json":{"title":"Lange Aubergine von Neapel - Unsere Aromen","description":"Die Lange Aubergine von Neapel wird in den flachen Gebieten der Provinzen Neapel, Caserta und in Teilen von Salerno . angebaut","robots":{"index":"index","follow":"follow","max-snippet":"max-snippet:-1","max-image-preview":"max-image-preview:large","max-video-preview":"max-video-preview:-1"},"canonical":"https:\/\/www.saporinostri.it\/de\/melanzana-lunga-di-napoli\/","og_locale":"de_DE","og_type":"article","og_title":"Melanzana lunga di Napoli","og_description":"La Melanzana Lunga di Napoli viene coltivata nelle aree pianeggianti delle province di Napoli, di Caserta ed in parte di Salerno","og_url":"https:\/\/www.saporinostri.it\/de\/melanzana-lunga-di-napoli\/","og_site_name":"Sapori Nostri","article_publisher":"https:\/\/www.facebook.com\/saporinostri.it\/","article_published_time":"2020-10-08T15:39:02+00:00","article_modified_time":"2021-05-19T08:49:53+00:00","og_image":[{"width":1024,"height":600,"url":"https:\/\/www.saporinostri.it\/wp-content\/uploads\/2020\/10\/Melanzana-lunga-Napoli.jpg","type":"image\/jpeg"}],"author":"Manlio Di Paola","twitter_card":"summary_large_image","twitter_misc":{"Verfasst von":"Manlio Di Paola","Gesch\u00e4tzte Lesezeit":"2\u00a0Minuten"},"schema":{"@context":"https:\/\/schema.org","@graph":[{"@type":"Article","@id":"https:\/\/www.saporinostri.it\/melanzana-lunga-di-napoli\/#article","isPartOf":{"@id":"https:\/\/www.saporinostri.it\/melanzana-lunga-di-napoli\/"},"author":{"name":"Manlio Di Paola","@id":"https:\/\/www.saporinostri.it\/#\/schema\/person\/a5559b14e291612831a03b4c0d7ebd91"},"headline":"Melanzana lunga di Napoli","datePublished":"2020-10-08T15:39:02+00:00","dateModified":"2021-05-19T08:49:53+00:00","mainEntityOfPage":{"@id":"https:\/\/www.saporinostri.it\/melanzana-lunga-di-napoli\/"},"wordCount":384,"commentCount":0,"publisher":{"@id":"https:\/\/www.saporinostri.it\/#organization"},"image":{"@id":"https:\/\/www.saporinostri.it\/melanzana-lunga-di-napoli\/#primaryimage"},"thumbnailUrl":"https:\/\/www.saporinostri.it\/wp-content\/uploads\/2020\/10\/Melanzana-lunga-Napoli.jpg","articleSection":["Curiosit\u00e0"],"inLanguage":"de","potentialAction":[{"@type":"CommentAction","name":"Comment","target":["https:\/\/www.saporinostri.it\/melanzana-lunga-di-napoli\/#respond"]}]},{"@type":"WebPage","@id":"https:\/\/www.saporinostri.it\/melanzana-lunga-di-napoli\/","url":"https:\/\/www.saporinostri.it\/melanzana-lunga-di-napoli\/","name":"Lange Aubergine von Neapel - Unsere Aromen","isPartOf":{"@id":"https:\/\/www.saporinostri.it\/#website"},"primaryImageOfPage":{"@id":"https:\/\/www.saporinostri.it\/melanzana-lunga-di-napoli\/#primaryimage"},"image":{"@id":"https:\/\/www.saporinostri.it\/melanzana-lunga-di-napoli\/#primaryimage"},"thumbnailUrl":"https:\/\/www.saporinostri.it\/wp-content\/uploads\/2020\/10\/Melanzana-lunga-Napoli.jpg","datePublished":"2020-10-08T15:39:02+00:00","dateModified":"2021-05-19T08:49:53+00:00","description":"Die Lange Aubergine von Neapel wird in den flachen Gebieten der Provinzen Neapel, Caserta und in Teilen von Salerno . angebaut","breadcrumb":{"@id":"https:\/\/www.saporinostri.it\/melanzana-lunga-di-napoli\/#breadcrumb"},"inLanguage":"de","potentialAction":[{"@type":"ReadAction","target":["https:\/\/www.saporinostri.it\/melanzana-lunga-di-napoli\/"]}]},{"@type":"ImageObject","inLanguage":"de","@id":"https:\/\/www.saporinostri.it\/melanzana-lunga-di-napoli\/#primaryimage","url":"https:\/\/www.saporinostri.it\/wp-content\/uploads\/2020\/10\/Melanzana-lunga-Napoli.jpg","contentUrl":"https:\/\/www.saporinostri.it\/wp-content\/uploads\/2020\/10\/Melanzana-lunga-Napoli.jpg","width":1024,"height":600,"caption":"Melanzana lunga di Napoli"},{"@type":"BreadcrumbList","@id":"https:\/\/www.saporinostri.it\/melanzana-lunga-di-napoli\/#breadcrumb","itemListElement":[{"@type":"ListItem","position":1,"name":"Home","item":"https:\/\/www.saporinostri.it\/"},{"@type":"ListItem","position":2,"name":"Melanzana lunga di Napoli"}]},{"@type":"WebSite","@id":"https:\/\/www.saporinostri.it\/#website","url":"https:\/\/www.saporinostri.it\/","name":"Sapori Nostri","description":"","publisher":{"@id":"https:\/\/www.saporinostri.it\/#organization"},"potentialAction":[{"@type":"SearchAction","target":{"@type":"EntryPoint","urlTemplate":"https:\/\/www.saporinostri.it\/?s={search_term_string}"},"query-input":{"@type":"PropertyValueSpecification","valueRequired":true,"valueName":"search_term_string"}}],"inLanguage":"de"},{"@type":"Organization","@id":"https:\/\/www.saporinostri.it\/#organization","name":"Sapori Nostri","url":"https:\/\/www.saporinostri.it\/","logo":{"@type":"ImageObject","inLanguage":"de","@id":"https:\/\/www.saporinostri.it\/#\/schema\/logo\/image\/","url":"https:\/\/www.saporinostri.it\/wp-content\/uploads\/2020\/05\/logo-retina.png","contentUrl":"https:\/\/www.saporinostri.it\/wp-content\/uploads\/2020\/05\/logo-retina.png","width":500,"height":109,"caption":"Sapori Nostri"},"image":{"@id":"https:\/\/www.saporinostri.it\/#\/schema\/logo\/image\/"},"sameAs":["https:\/\/www.facebook.com\/saporinostri.it\/","https:\/\/www.instagram.com\/saporinostri.it\/"]},{"@type":"Person","@id":"https:\/\/www.saporinostri.it\/#\/schema\/person\/a5559b14e291612831a03b4c0d7ebd91","name":"Manlio Di Paola","image":{"@type":"ImageObject","inLanguage":"de","@id":"https:\/\/secure.gravatar.com\/avatar\/34530845b4578c7824463cfbc9dd0215324120596eb5887c61438299c9501cb3?s=96&d=mm&r=g","url":"https:\/\/secure.gravatar.com\/avatar\/34530845b4578c7824463cfbc9dd0215324120596eb5887c61438299c9501cb3?s=96&d=mm&r=g","contentUrl":"https:\/\/secure.gravatar.com\/avatar\/34530845b4578c7824463cfbc9dd0215324120596eb5887c61438299c9501cb3?s=96&d=mm&r=g","caption":"Manlio Di Paola"},"sameAs":["https:\/\/www.saporinostri.it"]}]}},"jetpack_featured_media_url":"https:\/\/www.saporinostri.it\/wp-content\/uploads\/2020\/10\/Melanzana-lunga-Napoli.jpg","jetpack_sharing_enabled":true,"_links":{"self":[{"href":"https:\/\/www.saporinostri.it\/de\/wp-json\/wp\/v2\/posts\/3860","targetHints":{"allow":["GET"]}}],"collection":[{"href":"https:\/\/www.saporinostri.it\/de\/wp-json\/wp\/v2\/posts"}],"about":[{"href":"https:\/\/www.saporinostri.it\/de\/wp-json\/wp\/v2\/types\/post"}],"author":[{"embeddable":true,"href":"https:\/\/www.saporinostri.it\/de\/wp-json\/wp\/v2\/users\/1"}],"replies":[{"embeddable":true,"href":"https:\/\/www.saporinostri.it\/de\/wp-json\/wp\/v2\/comments?post=3860"}],"version-history":[{"count":0,"href":"https:\/\/www.saporinostri.it\/de\/wp-json\/wp\/v2\/posts\/3860\/revisions"}],"wp:featuredmedia":[{"embeddable":true,"href":"https:\/\/www.saporinostri.it\/de\/wp-json\/wp\/v2\/media\/3862"}],"wp:attachment":[{"href":"https:\/\/www.saporinostri.it\/de\/wp-json\/wp\/v2\/media?parent=3860"}],"wp:term":[{"taxonomy":"category","embeddable":true,"href":"https:\/\/www.saporinostri.it\/de\/wp-json\/wp\/v2\/categories?post=3860"},{"taxonomy":"post_tag","embeddable":true,"href":"https:\/\/www.saporinostri.it\/de\/wp-json\/wp\/v2\/tags?post=3860"}],"curies":[{"name":"wp","href":"https:\/\/api.w.org\/{rel}","templated":true}]}}