{"id":17662,"date":"2022-02-08T17:34:15","date_gmt":"2022-02-08T16:34:15","guid":{"rendered":"https:\/\/woocommerce-587295-4567585.cloudwaysapps.com\/?p=17662"},"modified":"2022-02-08T18:15:05","modified_gmt":"2022-02-08T17:15:05","slug":"storia-della-farina","status":"publish","type":"post","link":"https:\/\/www.saporinostri.it\/fr\/storia-della-farina\/","title":{"rendered":"Histoire de la farine, qui a invent\u00e9 la farine ?"},"content":{"rendered":"\t\t<div data-elementor-type=\"wp-post\" data-elementor-id=\"17662\" class=\"elementor elementor-17662\" data-elementor-post-type=\"post\">\n\t\t\t\t\t\t<section class=\"elementor-section elementor-top-section elementor-element elementor-element-5b4a8809 elementor-section-boxed elementor-section-height-default elementor-section-height-default\" data-id=\"5b4a8809\" data-element_type=\"section\" data-e-type=\"section\">\n\t\t\t\t\t\t<div class=\"elementor-container elementor-column-gap-default\">\n\t\t\t\t\t<div class=\"elementor-column elementor-col-100 elementor-top-column elementor-element elementor-element-683e8c2d\" data-id=\"683e8c2d\" data-element_type=\"column\" data-e-type=\"column\">\n\t\t\t<div class=\"elementor-widget-wrap elementor-element-populated\">\n\t\t\t\t\t\t<div class=\"elementor-element elementor-element-2f61388b elementor-widget elementor-widget-text-editor\" data-id=\"2f61388b\" data-element_type=\"widget\" data-e-type=\"widget\" data-widget_type=\"text-editor.default\">\n\t\t\t\t<div class=\"elementor-widget-container\">\n\t\t\t\t\t\t\t\t\t<p>La parola <strong>farina<\/strong> deriva dal latino <em>far\u012bna<\/em>, a sua volta derivato da <em>far<\/em>, ovvero il <strong>farro<\/strong>; infatti, questa parola nasce proprio dagli antichi <strong>Romani<\/strong>, che in origine, facevano uso di questo cereale per ottenere questa polvere nutriente, che utilizzavano per tutte le loro preparazioni.<\/p><p>La pi\u00f9 utilizzata oggi, \u00e8 sicuramente la farina di grano tenero, adatta ad ogni preparazione, dal pane alle focacce alla pizza. Ma ancora oggi, se volete potete sperimentare e provare un&#8217;ottima focaccia di farro. Le\u00a0 varianti sono molte, ma ogni macinazione nasce dal grano, esso appartenente alla famiglia delle Graminacee, riconoscibili genericamente per la particolare forma a spiga, il grano \u00e8 una delle specie vegetali pi\u00f9 coltivate al mondo.<\/p>\t\t\t\t\t\t\t\t<\/div>\n\t\t\t\t<\/div>\n\t\t\t\t\t<\/div>\n\t\t<\/div>\n\t\t\t\t\t<\/div>\n\t\t<\/section>\n\t\t\t\t<section class=\"elementor-section elementor-top-section elementor-element elementor-element-91159d5 elementor-section-boxed elementor-section-height-default elementor-section-height-default\" data-id=\"91159d5\" data-element_type=\"section\" data-e-type=\"section\">\n\t\t\t\t\t\t<div class=\"elementor-container elementor-column-gap-default\">\n\t\t\t\t\t<div class=\"elementor-column elementor-col-100 elementor-top-column elementor-element elementor-element-5788a81\" data-id=\"5788a81\" data-element_type=\"column\" data-e-type=\"column\">\n\t\t\t<div class=\"elementor-widget-wrap elementor-element-populated\">\n\t\t\t\t\t\t<div class=\"elementor-element elementor-element-96f6e70 elementor-widget elementor-widget-heading\" data-id=\"96f6e70\" data-element_type=\"widget\" data-e-type=\"widget\" data-widget_type=\"heading.default\">\n\t\t\t\t<div class=\"elementor-widget-container\">\n\t\t\t\t\t<h3 class=\"elementor-heading-title elementor-size-default\">Le Origini della Farina: chi ha inventato la farina?<\/h3>\t\t\t\t<\/div>\n\t\t\t\t<\/div>\n\t\t\t\t<div class=\"elementor-element elementor-element-89b2d69 elementor-widget elementor-widget-text-editor\" data-id=\"89b2d69\" data-element_type=\"widget\" data-e-type=\"widget\" data-widget_type=\"text-editor.default\">\n\t\t\t\t<div class=\"elementor-widget-container\">\n\t\t\t\t\t\t\t\t\t<p>Ad inventare la farina si pensa siano state le popolazioni dell&#8217;Asia Minore, nella famosa Mezzaluna fertile, che si trova tra i fiumi Tigri ed Eufrate. La coltivazione del grano, ed in generale delle graminacee, si \u00e8 diffusa con il tempo in tutta Europa, ed \u00e8 oggi uno degli alimenti alla base di una buona alimentazione per molte popolazioni in tutto il mondo.<\/p><p>Con la scoperta dell&#8217;America \u00e8 arrivata sulle tavole degli europei anche la farina di mais, da cui nasce la polenta che conosciamo oggi, originariamente preparata dai romani con farine di miglio o farro.<\/p><p>Oggi esistono molte tipologie di farine adatte a preparazioni di ogni tipo, il<span style=\"font-size: 16.8px;\">\u00a0termine farina, infatti, non indica pi\u00f9 solo i prodotti delle graminacee, ma viene usato anche per molti altri<\/span>\u00a0prodotti ottenuti dalla macinazione, tra cui,\u00a0<span style=\"font-size: 16.8px;\">cereali, frutta secca (mandorle o nocciole), legumi, o semi di varie piante; dalla farina di mais, a quella di avena, nocciole o grano saraceno.<\/span><\/p>\t\t\t\t\t\t\t\t<\/div>\n\t\t\t\t<\/div>\n\t\t\t\t\t<\/div>\n\t\t<\/div>\n\t\t\t\t\t<\/div>\n\t\t<\/section>\n\t\t\t\t<section class=\"elementor-section elementor-top-section elementor-element elementor-element-e28861d elementor-section-boxed elementor-section-height-default elementor-section-height-default\" data-id=\"e28861d\" data-element_type=\"section\" data-e-type=\"section\">\n\t\t\t\t\t\t<div class=\"elementor-container elementor-column-gap-default\">\n\t\t\t\t\t<div class=\"elementor-column elementor-col-100 elementor-top-column elementor-element elementor-element-27c638f\" data-id=\"27c638f\" data-element_type=\"column\" data-e-type=\"column\">\n\t\t\t<div class=\"elementor-widget-wrap elementor-element-populated\">\n\t\t\t\t\t\t<div class=\"elementor-element elementor-element-58f10324 elementor-widget elementor-widget-heading\" data-id=\"58f10324\" data-element_type=\"widget\" data-e-type=\"widget\" data-widget_type=\"heading.default\">\n\t\t\t\t<div class=\"elementor-widget-container\">\n\t\t\t\t\t<h3 class=\"elementor-heading-title elementor-size-default\">Potrebbero interessarti questi prodotti...<\/h3>\t\t\t\t<\/div>\n\t\t\t\t<\/div>\n\t\t\t\t<div class=\"elementor-element elementor-element-22fff91b elementor-grid-4 elementor-grid-tablet-3 elementor-grid-mobile-2 elementor-products-grid elementor-wc-products elementor-widget elementor-widget-woocommerce-products\" data-id=\"22fff91b\" data-element_type=\"widget\" data-e-type=\"widget\" data-widget_type=\"woocommerce-products.default\">\n\t\t\t\t<div class=\"elementor-widget-container\">\n\t\t\t\t\t<div class=\"woocommerce columns-4 \"><ul class=\"products elementor-grid columns-4\">\n<li class=\"product type-product post-2143 status-publish first instock product_cat-farine has-post-thumbnail sale taxable shipping-taxable purchasable product-type-simple\" style=\"--span: 1;\">\n\t<div class=\"commercekit-wishlist mini\" data-product-id=\"2143\"><a href=\"#\" class=\"commercekit-save-wishlist\" data-product-id=\"2143\" data-type=\"list\" title=\"Wishlist\" aria-label=\"Wishlist\"><em class=\"cg-wishlist\"><\/em><span><\/span><\/a><\/div><a href=\"https:\/\/www.saporinostri.it\/fr\/farina-classica-caputo-1-kg\/\" class=\"woocommerce-LoopProduct-link woocommerce-loop-product__link\"><div class=\"woocommerce-image__wrapper\"><a href=\"https:\/\/www.saporinostri.it\/fr\/farina-classica-caputo-1-kg\/\" title=\"Farina Doppio Zero Classica Caputo 1 Kg\" class=\"woocommerce-LoopProduct-link woocommerce-loop-product__link\"><span class=\"sale-item product-label type-circle\">-22%<\/span><div class=\"shoptimizer-plp-carousel-container\"><div class=\"shoptimizer-plp-image-wrapper\"><img fetchpriority=\"high\" decoding=\"async\" width=\"300\" height=\"300\" src=\"https:\/\/www.saporinostri.it\/wp-content\/uploads\/2020\/05\/farina-doppio-zero-classica-caputo-1-kg-front-300x300.jpg\" class=\"attachment-woocommerce_thumbnail size-woocommerce_thumbnail\" alt=\"Farina Classica Caputo 1 Kg\" srcset=\"https:\/\/www.saporinostri.it\/wp-content\/uploads\/2020\/05\/farina-doppio-zero-classica-caputo-1-kg-front-300x300.jpg 300w, https:\/\/www.saporinostri.it\/wp-content\/uploads\/2020\/05\/farina-doppio-zero-classica-caputo-1-kg-front-1024x1024.jpg 1024w, https:\/\/www.saporinostri.it\/wp-content\/uploads\/2020\/05\/farina-doppio-zero-classica-caputo-1-kg-front-150x150.jpg 150w, https:\/\/www.saporinostri.it\/wp-content\/uploads\/2020\/05\/farina-doppio-zero-classica-caputo-1-kg-front-768x768.jpg 768w, https:\/\/www.saporinostri.it\/wp-content\/uploads\/2020\/05\/farina-doppio-zero-classica-caputo-1-kg-front-12x12.jpg 12w, https:\/\/www.saporinostri.it\/wp-content\/uploads\/2020\/05\/farina-doppio-zero-classica-caputo-1-kg-front-70x70.jpg 70w, https:\/\/www.saporinostri.it\/wp-content\/uploads\/2020\/05\/farina-doppio-zero-classica-caputo-1-kg-front-500x500.jpg 500w, https:\/\/www.saporinostri.it\/wp-content\/uploads\/2020\/05\/farina-doppio-zero-classica-caputo-1-kg-front-990x990.jpg 990w, https:\/\/www.saporinostri.it\/wp-content\/uploads\/2020\/05\/farina-doppio-zero-classica-caputo-1-kg-front-441x441.jpg 441w, https:\/\/www.saporinostri.it\/wp-content\/uploads\/2020\/05\/farina-doppio-zero-classica-caputo-1-kg-front-800x800.jpg 800w, https:\/\/www.saporinostri.it\/wp-content\/uploads\/2020\/05\/farina-doppio-zero-classica-caputo-1-kg-front-64x64.jpg 64w, https:\/\/www.saporinostri.it\/wp-content\/uploads\/2020\/05\/farina-doppio-zero-classica-caputo-1-kg-front.jpg 1100w\" sizes=\"(max-width: 360px) 147px, (max-width: 300px) 100vw, 300px\" \/>\t\t\t\n\t<\/div><\/div><\/a><\/div><div class=\"woocommerce-card__header\">\t\t\t\t\t<p class=\"product__categories\"><a href=\"https:\/\/www.saporinostri.it\/fr\/farine\/\" rel=\"tag\">Farine<\/a><\/p>\t\t\t\t<div class=\"woocommerce-loop-product__title\"><a tabindex=\"0\" href=\"https:\/\/www.saporinostri.it\/fr\/farina-classica-caputo-1-kg\/\" aria-label=\"Farina Doppio Zero Classica Caputo 1 Kg\" class=\"woocommerce-LoopProduct-link woocommerce-loop-product__link\">Farina Doppio Zero Classica Caputo 1 Kg<\/a><\/div><div class=\"star-rating\" role=\"img\" aria-label=\"Note 4.92 sur 5\"><span style=\"width:98.4%\">Note <strong class=\"rating\">4.92<\/strong> sur 5<\/span><\/div>\n\t<span class=\"price\"><del aria-hidden=\"true\"><span class=\"woocommerce-Price-amount amount\"><bdi><span class=\"woocommerce-Price-currencySymbol\">&euro;<\/span>1,99<\/bdi><\/span><\/del> <span class=\"screen-reader-text\">Le prix initial \u00e9tait\u00a0: &euro;1,99.<\/span><ins aria-hidden=\"true\"><span class=\"woocommerce-Price-amount amount\"><bdi><span class=\"woocommerce-Price-currencySymbol\">&euro;<\/span>1,55<\/bdi><\/span><\/ins><span class=\"screen-reader-text\">Le prix actuel est\u00a0: &euro;1,55.<\/span><\/span>\n<\/a><a href=\"\/fr\/wp-json\/wp\/v2\/posts\/17662?add-to-cart=2143\" aria-describedby=\"woocommerce_loop_add_to_cart_link_describedby_2143\" data-quantity=\"1\" class=\"button product_type_simple add_to_cart_button ajax_add_to_cart\" data-product_id=\"2143\" data-product_sku=\"8014601028747\" aria-label=\"Ajouter au panier\u00a0: &ldquo;Farina Doppio Zero Classica Caputo 1 Kg&rdquo;\" rel=\"nofollow\" data-success_message=\"\u00ab\u00a0Farina Doppio Zero Classica Caputo 1 Kg\u00a0\u00bb a \u00e9t\u00e9 ajout\u00e9 \u00e0 votre panier\" role=\"button\">Ajouter au panier<\/a>\t<span id=\"woocommerce_loop_add_to_cart_link_describedby_2143\" class=\"screen-reader-text\">\n\t\t\t<\/span>\n\t\t\t<input type=\"hidden\" class=\"pmwProductId\" data-id=\"2143\">\n\t\t\t\t\t<script>\n\t\t\t(window.pmwDataLayer = window.pmwDataLayer || {}).products                = window.pmwDataLayer.products || {};\n\t\t\twindow.pmwDataLayer.products[2143] = {\"id\":\"2143\",\"sku\":\"8014601028747\",\"price\":1.55,\"brand\":\"\",\"quantity\":1,\"dyn_r_ids\":{\"post_id\":\"2143\",\"sku\":\"8014601028747\",\"gpf\":\"woocommerce_gpf_2143\",\"gla\":\"gla_2143\"},\"is_variable\":false,\"type\":\"simple\",\"name\":\"Farina Doppio Zero Classica Caputo 1 Kg\",\"category\":[\"Farine\"],\"is_variation\":false};\n\t\t\t\t\twindow.pmw_product_position = window.pmw_product_position || 1;\n\t\twindow.pmwDataLayer.products[2143]['position'] = window.pmw_product_position++;\n\t\t\t\t<\/script>\n\t\t<\/div><\/li>\n<li class=\"product type-product post-2174 status-publish instock product_cat-farine has-post-thumbnail sale taxable shipping-taxable purchasable product-type-simple\" style=\"--span: 1;\">\n\t<div class=\"commercekit-wishlist mini\" data-product-id=\"2174\"><a href=\"#\" class=\"commercekit-save-wishlist\" data-product-id=\"2174\" data-type=\"list\" title=\"Wishlist\" aria-label=\"Wishlist\"><em class=\"cg-wishlist\"><\/em><span><\/span><\/a><\/div><a href=\"https:\/\/www.saporinostri.it\/fr\/farina-pasticceria-caputo-1-kg\/\" class=\"woocommerce-LoopProduct-link woocommerce-loop-product__link\"><div class=\"woocommerce-image__wrapper\"><a href=\"https:\/\/www.saporinostri.it\/fr\/farina-pasticceria-caputo-1-kg\/\" title=\"Farina Pasticceria Caputo 1 Kg\" class=\"woocommerce-LoopProduct-link woocommerce-loop-product__link\"><span class=\"sale-item product-label type-circle\">-15%<\/span><div class=\"shoptimizer-plp-carousel-container\"><div class=\"shoptimizer-plp-image-wrapper\"><img decoding=\"async\" width=\"300\" height=\"300\" data-src=\"https:\/\/www.saporinostri.it\/wp-content\/uploads\/2020\/05\/farina-pasticceria-caputo-1-kg-nuova-front-300x300.jpg\" class=\"attachment-woocommerce_thumbnail size-woocommerce_thumbnail lazyload\" alt=\"Farina Pasticceria Caputo 1 Kg\" data-srcset=\"https:\/\/www.saporinostri.it\/wp-content\/uploads\/2020\/05\/farina-pasticceria-caputo-1-kg-nuova-front-300x300.jpg 300w, https:\/\/www.saporinostri.it\/wp-content\/uploads\/2020\/05\/farina-pasticceria-caputo-1-kg-nuova-front-150x150.jpg 150w, https:\/\/www.saporinostri.it\/wp-content\/uploads\/2020\/05\/farina-pasticceria-caputo-1-kg-nuova-front-800x800.jpg 800w, https:\/\/www.saporinostri.it\/wp-content\/uploads\/2020\/05\/farina-pasticceria-caputo-1-kg-nuova-front-1024x1024.jpg 1024w, https:\/\/www.saporinostri.it\/wp-content\/uploads\/2020\/05\/farina-pasticceria-caputo-1-kg-nuova-front-768x768.jpg 768w, https:\/\/www.saporinostri.it\/wp-content\/uploads\/2020\/05\/farina-pasticceria-caputo-1-kg-nuova-front.jpg 1500w\" data-sizes=\"(max-width: 360px) 147px, (max-width: 300px) 100vw, 300px\" src=\"data:image\/gif;base64,R0lGODlhAQABAAAAACH5BAEKAAEALAAAAAABAAEAAAICTAEAOw==\" style=\"--smush-placeholder-width: 300px; --smush-placeholder-aspect-ratio: 300\/300;\" \/><noscript><img decoding=\"async\" width=\"300\" height=\"300\" src=\"https:\/\/www.saporinostri.it\/wp-content\/uploads\/2020\/05\/farina-pasticceria-caputo-1-kg-nuova-front-300x300.jpg\" class=\"attachment-woocommerce_thumbnail size-woocommerce_thumbnail\" alt=\"Farina Pasticceria Caputo 1 Kg\" srcset=\"https:\/\/www.saporinostri.it\/wp-content\/uploads\/2020\/05\/farina-pasticceria-caputo-1-kg-nuova-front-300x300.jpg 300w, https:\/\/www.saporinostri.it\/wp-content\/uploads\/2020\/05\/farina-pasticceria-caputo-1-kg-nuova-front-150x150.jpg 150w, https:\/\/www.saporinostri.it\/wp-content\/uploads\/2020\/05\/farina-pasticceria-caputo-1-kg-nuova-front-800x800.jpg 800w, https:\/\/www.saporinostri.it\/wp-content\/uploads\/2020\/05\/farina-pasticceria-caputo-1-kg-nuova-front-1024x1024.jpg 1024w, https:\/\/www.saporinostri.it\/wp-content\/uploads\/2020\/05\/farina-pasticceria-caputo-1-kg-nuova-front-768x768.jpg 768w, https:\/\/www.saporinostri.it\/wp-content\/uploads\/2020\/05\/farina-pasticceria-caputo-1-kg-nuova-front.jpg 1500w\" sizes=\"(max-width: 360px) 147px, (max-width: 300px) 100vw, 300px\" \/><\/noscript>\t\t\t\n\t<\/div><\/div><\/a><\/div><div class=\"woocommerce-card__header\">\t\t\t\t\t<p class=\"product__categories\"><a href=\"https:\/\/www.saporinostri.it\/fr\/farine\/\" rel=\"tag\">Farine<\/a><\/p>\t\t\t\t<div class=\"woocommerce-loop-product__title\"><a tabindex=\"0\" href=\"https:\/\/www.saporinostri.it\/fr\/farina-pasticceria-caputo-1-kg\/\" aria-label=\"Farina Pasticceria Caputo 1 Kg\" class=\"woocommerce-LoopProduct-link woocommerce-loop-product__link\">Farina Pasticceria Caputo 1 Kg<\/a><\/div><div class=\"star-rating\" role=\"img\" aria-label=\"Note 4.89 sur 5\"><span style=\"width:97.8%\">Note <strong class=\"rating\">4.89<\/strong> sur 5<\/span><\/div>\n\t<span class=\"price\"><del aria-hidden=\"true\"><span class=\"woocommerce-Price-amount amount\"><bdi><span class=\"woocommerce-Price-currencySymbol\">&euro;<\/span>2,35<\/bdi><\/span><\/del> <span class=\"screen-reader-text\">Le prix initial \u00e9tait\u00a0: &euro;2,35.<\/span><ins aria-hidden=\"true\"><span class=\"woocommerce-Price-amount amount\"><bdi><span class=\"woocommerce-Price-currencySymbol\">&euro;<\/span>1,99<\/bdi><\/span><\/ins><span class=\"screen-reader-text\">Le prix actuel est\u00a0: &euro;1,99.<\/span><\/span>\n<\/a><a href=\"\/fr\/wp-json\/wp\/v2\/posts\/17662?add-to-cart=2174\" aria-describedby=\"woocommerce_loop_add_to_cart_link_describedby_2174\" data-quantity=\"1\" class=\"button product_type_simple add_to_cart_button ajax_add_to_cart\" data-product_id=\"2174\" data-product_sku=\"8014601011565\" aria-label=\"Ajouter au panier\u00a0: &ldquo;Farina Pasticceria Caputo 1 Kg&rdquo;\" rel=\"nofollow\" data-success_message=\"\u00ab\u00a0Farina Pasticceria Caputo 1 Kg\u00a0\u00bb a \u00e9t\u00e9 ajout\u00e9 \u00e0 votre panier\" role=\"button\">Ajouter au panier<\/a>\t<span id=\"woocommerce_loop_add_to_cart_link_describedby_2174\" class=\"screen-reader-text\">\n\t\t\t<\/span>\n\t\t\t<input type=\"hidden\" class=\"pmwProductId\" data-id=\"2174\">\n\t\t\t\t\t<script>\n\t\t\t(window.pmwDataLayer = window.pmwDataLayer || {}).products                = window.pmwDataLayer.products || {};\n\t\t\twindow.pmwDataLayer.products[2174] = {\"id\":\"2174\",\"sku\":\"8014601011565\",\"price\":1.99,\"brand\":\"\",\"quantity\":1,\"dyn_r_ids\":{\"post_id\":\"2174\",\"sku\":\"8014601011565\",\"gpf\":\"woocommerce_gpf_2174\",\"gla\":\"gla_2174\"},\"is_variable\":false,\"type\":\"simple\",\"name\":\"Farina Pasticceria Caputo 1 Kg\",\"category\":[\"Farine\"],\"is_variation\":false};\n\t\t\t\t\twindow.pmw_product_position = window.pmw_product_position || 1;\n\t\twindow.pmwDataLayer.products[2174]['position'] = window.pmw_product_position++;\n\t\t\t\t<\/script>\n\t\t<\/div><\/li>\n<li class=\"product type-product post-2168 status-publish instock product_cat-farine has-post-thumbnail sale taxable shipping-taxable purchasable product-type-simple\" style=\"--span: 1;\">\n\t<div class=\"commercekit-wishlist mini\" data-product-id=\"2168\"><a href=\"#\" class=\"commercekit-save-wishlist\" data-product-id=\"2168\" data-type=\"list\" title=\"Wishlist\" aria-label=\"Wishlist\"><em class=\"cg-wishlist\"><\/em><span><\/span><\/a><\/div><a href=\"https:\/\/www.saporinostri.it\/fr\/farina-pizzeria-caputo-1-kg\/\" class=\"woocommerce-LoopProduct-link woocommerce-loop-product__link\"><div class=\"woocommerce-image__wrapper\"><a href=\"https:\/\/www.saporinostri.it\/fr\/farina-pizzeria-caputo-1-kg\/\" title=\"Farina Pizzeria Caputo 1 Kg\" class=\"woocommerce-LoopProduct-link woocommerce-loop-product__link\"><span class=\"sale-item product-label type-circle\">-22%<\/span><div class=\"shoptimizer-plp-carousel-container\"><div class=\"shoptimizer-plp-image-wrapper\"><img decoding=\"async\" width=\"300\" height=\"300\" data-src=\"https:\/\/www.saporinostri.it\/wp-content\/uploads\/2021\/06\/farina-pizzeria-caputo-1-kg-nuova-front-300x300.jpg\" class=\"attachment-woocommerce_thumbnail size-woocommerce_thumbnail lazyload\" alt=\"Farina Pizzeria Caputo 1 Kg\" data-srcset=\"https:\/\/www.saporinostri.it\/wp-content\/uploads\/2021\/06\/farina-pizzeria-caputo-1-kg-nuova-front-300x300.jpg 300w, https:\/\/www.saporinostri.it\/wp-content\/uploads\/2021\/06\/farina-pizzeria-caputo-1-kg-nuova-front-150x150.jpg 150w, https:\/\/www.saporinostri.it\/wp-content\/uploads\/2021\/06\/farina-pizzeria-caputo-1-kg-nuova-front-800x800.jpg 800w, https:\/\/www.saporinostri.it\/wp-content\/uploads\/2021\/06\/farina-pizzeria-caputo-1-kg-nuova-front-1024x1024.jpg 1024w, https:\/\/www.saporinostri.it\/wp-content\/uploads\/2021\/06\/farina-pizzeria-caputo-1-kg-nuova-front-768x768.jpg 768w, https:\/\/www.saporinostri.it\/wp-content\/uploads\/2021\/06\/farina-pizzeria-caputo-1-kg-nuova-front.jpg 1500w\" data-sizes=\"(max-width: 360px) 147px, (max-width: 300px) 100vw, 300px\" src=\"data:image\/gif;base64,R0lGODlhAQABAAAAACH5BAEKAAEALAAAAAABAAEAAAICTAEAOw==\" style=\"--smush-placeholder-width: 300px; --smush-placeholder-aspect-ratio: 300\/300;\" \/><noscript><img decoding=\"async\" width=\"300\" height=\"300\" src=\"https:\/\/www.saporinostri.it\/wp-content\/uploads\/2021\/06\/farina-pizzeria-caputo-1-kg-nuova-front-300x300.jpg\" class=\"attachment-woocommerce_thumbnail size-woocommerce_thumbnail\" alt=\"Farina Pizzeria Caputo 1 Kg\" srcset=\"https:\/\/www.saporinostri.it\/wp-content\/uploads\/2021\/06\/farina-pizzeria-caputo-1-kg-nuova-front-300x300.jpg 300w, https:\/\/www.saporinostri.it\/wp-content\/uploads\/2021\/06\/farina-pizzeria-caputo-1-kg-nuova-front-150x150.jpg 150w, https:\/\/www.saporinostri.it\/wp-content\/uploads\/2021\/06\/farina-pizzeria-caputo-1-kg-nuova-front-800x800.jpg 800w, https:\/\/www.saporinostri.it\/wp-content\/uploads\/2021\/06\/farina-pizzeria-caputo-1-kg-nuova-front-1024x1024.jpg 1024w, https:\/\/www.saporinostri.it\/wp-content\/uploads\/2021\/06\/farina-pizzeria-caputo-1-kg-nuova-front-768x768.jpg 768w, https:\/\/www.saporinostri.it\/wp-content\/uploads\/2021\/06\/farina-pizzeria-caputo-1-kg-nuova-front.jpg 1500w\" sizes=\"(max-width: 360px) 147px, (max-width: 300px) 100vw, 300px\" \/><\/noscript>\t\t\t\n\t<\/div><\/div><\/a><\/div><div class=\"woocommerce-card__header\">\t\t\t\t\t<p class=\"product__categories\"><a href=\"https:\/\/www.saporinostri.it\/fr\/farine\/\" rel=\"tag\">Farine<\/a><\/p>\t\t\t\t<div class=\"woocommerce-loop-product__title\"><a tabindex=\"0\" href=\"https:\/\/www.saporinostri.it\/fr\/farina-pizzeria-caputo-1-kg\/\" aria-label=\"Farina Pizzeria Caputo 1 Kg\" class=\"woocommerce-LoopProduct-link woocommerce-loop-product__link\">Farina Pizzeria Caputo 1 Kg<\/a><\/div><div class=\"star-rating\" role=\"img\" aria-label=\"Note 4.93 sur 5\"><span style=\"width:98.6%\">Note <strong class=\"rating\">4.93<\/strong> sur 5<\/span><\/div>\n\t<span class=\"price\"><del aria-hidden=\"true\"><span class=\"woocommerce-Price-amount amount\"><bdi><span class=\"woocommerce-Price-currencySymbol\">&euro;<\/span>2,10<\/bdi><\/span><\/del> <span class=\"screen-reader-text\">Le prix initial \u00e9tait\u00a0: &euro;2,10.<\/span><ins aria-hidden=\"true\"><span class=\"woocommerce-Price-amount amount\"><bdi><span class=\"woocommerce-Price-currencySymbol\">&euro;<\/span>1,64<\/bdi><\/span><\/ins><span class=\"screen-reader-text\">Le prix actuel est\u00a0: &euro;1,64.<\/span><\/span>\n<\/a><a href=\"\/fr\/wp-json\/wp\/v2\/posts\/17662?add-to-cart=2168\" aria-describedby=\"woocommerce_loop_add_to_cart_link_describedby_2168\" data-quantity=\"1\" class=\"button product_type_simple add_to_cart_button ajax_add_to_cart\" data-product_id=\"2168\" data-product_sku=\"8014601036100\" aria-label=\"Ajouter au panier\u00a0: &ldquo;Farina Pizzeria Caputo 1 Kg&rdquo;\" rel=\"nofollow\" data-success_message=\"\u00ab\u00a0Farina Pizzeria Caputo 1 Kg\u00a0\u00bb a \u00e9t\u00e9 ajout\u00e9 \u00e0 votre panier\" role=\"button\">Ajouter au panier<\/a>\t<span id=\"woocommerce_loop_add_to_cart_link_describedby_2168\" class=\"screen-reader-text\">\n\t\t\t<\/span>\n\t\t\t<input type=\"hidden\" class=\"pmwProductId\" data-id=\"2168\">\n\t\t\t\t\t<script>\n\t\t\t(window.pmwDataLayer = window.pmwDataLayer || {}).products                = window.pmwDataLayer.products || {};\n\t\t\twindow.pmwDataLayer.products[2168] = {\"id\":\"2168\",\"sku\":\"8014601036100\",\"price\":1.64,\"brand\":\"\",\"quantity\":1,\"dyn_r_ids\":{\"post_id\":\"2168\",\"sku\":\"8014601036100\",\"gpf\":\"woocommerce_gpf_2168\",\"gla\":\"gla_2168\"},\"is_variable\":false,\"type\":\"simple\",\"name\":\"Farina Pizzeria Caputo 1 Kg\",\"category\":[\"Farine\"],\"is_variation\":false};\n\t\t\t\t\twindow.pmw_product_position = window.pmw_product_position || 1;\n\t\twindow.pmwDataLayer.products[2168]['position'] = window.pmw_product_position++;\n\t\t\t\t<\/script>\n\t\t<\/div><\/li>\n<li class=\"product type-product post-2162 status-publish last instock product_cat-farine has-post-thumbnail sale taxable shipping-taxable purchasable product-type-simple\" style=\"--span: 1;\">\n\t<div class=\"commercekit-wishlist mini\" data-product-id=\"2162\"><a href=\"#\" class=\"commercekit-save-wishlist\" data-product-id=\"2162\" data-type=\"list\" title=\"Wishlist\" aria-label=\"Wishlist\"><em class=\"cg-wishlist\"><\/em><span><\/span><\/a><\/div><a href=\"https:\/\/www.saporinostri.it\/fr\/farina-nuvola-caputo-1-kg\/\" class=\"woocommerce-LoopProduct-link woocommerce-loop-product__link\"><div class=\"woocommerce-image__wrapper\"><a href=\"https:\/\/www.saporinostri.it\/fr\/farina-nuvola-caputo-1-kg\/\" title=\"Farina Nuvola Caputo 1 Kg\" class=\"woocommerce-LoopProduct-link woocommerce-loop-product__link\"><span class=\"sale-item product-label type-circle\">-16%<\/span><div class=\"shoptimizer-plp-carousel-container\"><div class=\"shoptimizer-plp-image-wrapper\"><img decoding=\"async\" width=\"300\" height=\"300\" data-src=\"https:\/\/www.saporinostri.it\/wp-content\/uploads\/2020\/05\/farina-nuvola-caputo-1-kg-new-front-300x300.jpg\" class=\"attachment-woocommerce_thumbnail size-woocommerce_thumbnail lazyload\" alt=\"Farina Nuvola Caputo 1 Kg\" data-srcset=\"https:\/\/www.saporinostri.it\/wp-content\/uploads\/2020\/05\/farina-nuvola-caputo-1-kg-new-front-300x300.jpg 300w, https:\/\/www.saporinostri.it\/wp-content\/uploads\/2020\/05\/farina-nuvola-caputo-1-kg-new-front-150x150.jpg 150w, https:\/\/www.saporinostri.it\/wp-content\/uploads\/2020\/05\/farina-nuvola-caputo-1-kg-new-front-800x800.jpg 800w, https:\/\/www.saporinostri.it\/wp-content\/uploads\/2020\/05\/farina-nuvola-caputo-1-kg-new-front-1024x1024.jpg 1024w, https:\/\/www.saporinostri.it\/wp-content\/uploads\/2020\/05\/farina-nuvola-caputo-1-kg-new-front-768x768.jpg 768w, https:\/\/www.saporinostri.it\/wp-content\/uploads\/2020\/05\/farina-nuvola-caputo-1-kg-new-front-640x640.jpg 640w, https:\/\/www.saporinostri.it\/wp-content\/uploads\/2020\/05\/farina-nuvola-caputo-1-kg-new-front-400x400.jpg 400w, https:\/\/www.saporinostri.it\/wp-content\/uploads\/2020\/05\/farina-nuvola-caputo-1-kg-new-front-85x85.jpg 85w, https:\/\/www.saporinostri.it\/wp-content\/uploads\/2020\/05\/farina-nuvola-caputo-1-kg-new-front-32x32.jpg 32w, https:\/\/www.saporinostri.it\/wp-content\/uploads\/2020\/05\/farina-nuvola-caputo-1-kg-new-front.jpg 1500w\" data-sizes=\"(max-width: 360px) 147px, (max-width: 300px) 100vw, 300px\" src=\"data:image\/gif;base64,R0lGODlhAQABAAAAACH5BAEKAAEALAAAAAABAAEAAAICTAEAOw==\" style=\"--smush-placeholder-width: 300px; --smush-placeholder-aspect-ratio: 300\/300;\" \/><noscript><img loading=\"lazy\" decoding=\"async\" width=\"300\" height=\"300\" src=\"https:\/\/www.saporinostri.it\/wp-content\/uploads\/2020\/05\/farina-nuvola-caputo-1-kg-new-front-300x300.jpg\" class=\"attachment-woocommerce_thumbnail size-woocommerce_thumbnail\" alt=\"Farina Nuvola Caputo 1 Kg\" srcset=\"https:\/\/www.saporinostri.it\/wp-content\/uploads\/2020\/05\/farina-nuvola-caputo-1-kg-new-front-300x300.jpg 300w, https:\/\/www.saporinostri.it\/wp-content\/uploads\/2020\/05\/farina-nuvola-caputo-1-kg-new-front-150x150.jpg 150w, https:\/\/www.saporinostri.it\/wp-content\/uploads\/2020\/05\/farina-nuvola-caputo-1-kg-new-front-800x800.jpg 800w, https:\/\/www.saporinostri.it\/wp-content\/uploads\/2020\/05\/farina-nuvola-caputo-1-kg-new-front-1024x1024.jpg 1024w, https:\/\/www.saporinostri.it\/wp-content\/uploads\/2020\/05\/farina-nuvola-caputo-1-kg-new-front-768x768.jpg 768w, https:\/\/www.saporinostri.it\/wp-content\/uploads\/2020\/05\/farina-nuvola-caputo-1-kg-new-front-640x640.jpg 640w, https:\/\/www.saporinostri.it\/wp-content\/uploads\/2020\/05\/farina-nuvola-caputo-1-kg-new-front-400x400.jpg 400w, https:\/\/www.saporinostri.it\/wp-content\/uploads\/2020\/05\/farina-nuvola-caputo-1-kg-new-front-85x85.jpg 85w, https:\/\/www.saporinostri.it\/wp-content\/uploads\/2020\/05\/farina-nuvola-caputo-1-kg-new-front-32x32.jpg 32w, https:\/\/www.saporinostri.it\/wp-content\/uploads\/2020\/05\/farina-nuvola-caputo-1-kg-new-front.jpg 1500w\" sizes=\"(max-width: 360px) 147px, (max-width: 300px) 100vw, 300px\" \/><\/noscript>\t\t\t\n\t<\/div><\/div><\/a><\/div><div class=\"woocommerce-card__header\">\t\t\t\t\t<p class=\"product__categories\"><a href=\"https:\/\/www.saporinostri.it\/fr\/farine\/\" rel=\"tag\">Farine<\/a><\/p>\t\t\t\t<div class=\"woocommerce-loop-product__title\"><a tabindex=\"0\" href=\"https:\/\/www.saporinostri.it\/fr\/farina-nuvola-caputo-1-kg\/\" aria-label=\"Farina Nuvola Caputo 1 Kg\" class=\"woocommerce-LoopProduct-link woocommerce-loop-product__link\">Farina Nuvola Caputo 1 Kg<\/a><\/div><div class=\"star-rating\" role=\"img\" aria-label=\"Note 4.95 sur 5\"><span style=\"width:99%\">Note <strong class=\"rating\">4.95<\/strong> sur 5<\/span><\/div>\n\t<span class=\"price\"><del aria-hidden=\"true\"><span class=\"woocommerce-Price-amount amount\"><bdi><span class=\"woocommerce-Price-currencySymbol\">&euro;<\/span>3,15<\/bdi><\/span><\/del> <span class=\"screen-reader-text\">Le prix initial \u00e9tait\u00a0: &euro;3,15.<\/span><ins aria-hidden=\"true\"><span class=\"woocommerce-Price-amount amount\"><bdi><span class=\"woocommerce-Price-currencySymbol\">&euro;<\/span>2,64<\/bdi><\/span><\/ins><span class=\"screen-reader-text\">Le prix actuel est\u00a0: &euro;2,64.<\/span><\/span>\n<\/a><a href=\"\/fr\/wp-json\/wp\/v2\/posts\/17662?add-to-cart=2162\" aria-describedby=\"woocommerce_loop_add_to_cart_link_describedby_2162\" data-quantity=\"1\" class=\"button product_type_simple add_to_cart_button ajax_add_to_cart\" data-product_id=\"2162\" data-product_sku=\"8014601012456\" aria-label=\"Ajouter au panier\u00a0: &ldquo;Farina Nuvola Caputo 1 Kg&rdquo;\" rel=\"nofollow\" data-success_message=\"\u00ab\u00a0Farina Nuvola Caputo 1 Kg\u00a0\u00bb a \u00e9t\u00e9 ajout\u00e9 \u00e0 votre panier\" role=\"button\">Ajouter au panier<\/a>\t<span id=\"woocommerce_loop_add_to_cart_link_describedby_2162\" class=\"screen-reader-text\">\n\t\t\t<\/span>\n\t\t\t<input type=\"hidden\" class=\"pmwProductId\" data-id=\"2162\">\n\t\t\t\t\t<script>\n\t\t\t(window.pmwDataLayer = window.pmwDataLayer || {}).products                = window.pmwDataLayer.products || {};\n\t\t\twindow.pmwDataLayer.products[2162] = {\"id\":\"2162\",\"sku\":\"8014601012456\",\"price\":2.64,\"brand\":\"\",\"quantity\":1,\"dyn_r_ids\":{\"post_id\":\"2162\",\"sku\":\"8014601012456\",\"gpf\":\"woocommerce_gpf_2162\",\"gla\":\"gla_2162\"},\"is_variable\":false,\"type\":\"simple\",\"name\":\"Farina Nuvola Caputo 1 Kg\",\"category\":[\"Farine\"],\"is_variation\":false};\n\t\t\t\t\twindow.pmw_product_position = window.pmw_product_position || 1;\n\t\twindow.pmwDataLayer.products[2162]['position'] = window.pmw_product_position++;\n\t\t\t\t<\/script>\n\t\t<\/div><\/li>\n<\/ul>\n<\/div>\t\t\t\t<\/div>\n\t\t\t\t<\/div>\n\t\t\t\t\t<\/div>\n\t\t<\/div>\n\t\t\t\t\t<\/div>\n\t\t<\/section>\n\t\t\t\t<\/div>\n\t\t","protected":false},"excerpt":{"rendered":"<p>La parola farina deriva dal latino far\u012bna, a sua volta derivato da far, ovvero il farro; infatti, questa parola nasce proprio dagli antichi Romani, che in origine, facevano uso di questo cereale per ottenere questa polvere nutriente, che utilizzavano per tutte le loro preparazioni. La pi\u00f9 utilizzata oggi, \u00e8 sicuramente la farina di grano tenero, [&hellip;]<\/p>\n","protected":false},"author":1,"featured_media":17664,"comment_status":"open","ping_status":"closed","sticky":false,"template":"","format":"standard","meta":{"_acf_changed":false,"inline_featured_image":false,"wprm-recipe-roundup-name":"","wprm-recipe-roundup-description":"","_monsterinsights_skip_tracking":false,"_monsterinsights_sitenote_active":false,"_monsterinsights_sitenote_note":"","_monsterinsights_sitenote_category":0,"_jetpack_memberships_contains_paid_content":false,"footnotes":""},"categories":[479],"tags":[],"class_list":["post-17662","post","type-post","status-publish","format-standard","has-post-thumbnail","hentry","category-curiosita"],"acf":[],"yoast_head":"<!-- This site is optimized with the Yoast SEO Premium plugin v23.7 (Yoast SEO v27.3) - https:\/\/yoast.com\/product\/yoast-seo-premium-wordpress\/ -->\n<title>Storia della farina, chi ha inventato la farina? - Sapori Nostri<\/title>\n<meta name=\"description\" content=\"La storia della farina ha origini lontane, la farina nasce migliaia di anni ed \u00e8 quasi indispensabile per le preparazioni di tutti i giorni\" \/>\n<meta name=\"robots\" content=\"index, follow, max-snippet:-1, max-image-preview:large, max-video-preview:-1\" \/>\n<link rel=\"canonical\" href=\"https:\/\/www.saporinostri.it\/fr\/storia-della-farina\/\" \/>\n<meta property=\"og:locale\" content=\"fr_FR\" \/>\n<meta property=\"og:type\" content=\"article\" \/>\n<meta property=\"og:title\" content=\"Storia della farina, chi ha inventato la farina?\" \/>\n<meta property=\"og:description\" content=\"La storia della farina ha origini lontane, la farina nasce migliaia di anni ed \u00e8 quasi indispensabile per le preparazioni di tutti i giorni\" \/>\n<meta property=\"og:url\" content=\"https:\/\/www.saporinostri.it\/fr\/storia-della-farina\/\" \/>\n<meta property=\"og:site_name\" content=\"Sapori Nostri\" \/>\n<meta property=\"article:publisher\" content=\"https:\/\/www.facebook.com\/saporinostri.it\/\" \/>\n<meta property=\"article:published_time\" content=\"2022-02-08T16:34:15+00:00\" \/>\n<meta property=\"article:modified_time\" content=\"2022-02-08T17:15:05+00:00\" \/>\n<meta property=\"og:image\" content=\"https:\/\/www.saporinostri.it\/wp-content\/uploads\/2022\/02\/storia-della-farina-scopri-chi-ha-inventato-la-farina-sapori-nostri.jpg\" \/>\n\t<meta property=\"og:image:width\" content=\"1024\" \/>\n\t<meta property=\"og:image:height\" content=\"531\" \/>\n\t<meta property=\"og:image:type\" content=\"image\/jpeg\" \/>\n<meta name=\"author\" content=\"Manlio Di Paola\" \/>\n<meta name=\"twitter:card\" content=\"summary_large_image\" \/>\n<meta name=\"twitter:label1\" content=\"\u00c9crit par\" \/>\n\t<meta name=\"twitter:data1\" content=\"Manlio Di Paola\" \/>\n\t<meta name=\"twitter:label2\" content=\"Dur\u00e9e de lecture estim\u00e9e\" \/>\n\t<meta name=\"twitter:data2\" content=\"2 minutes\" \/>\n<script type=\"application\/ld+json\" class=\"yoast-schema-graph\">{\"@context\":\"https:\\\/\\\/schema.org\",\"@graph\":[{\"@type\":\"Article\",\"@id\":\"https:\\\/\\\/www.saporinostri.it\\\/fr\\\/storia-della-farina\\\/#article\",\"isPartOf\":{\"@id\":\"https:\\\/\\\/www.saporinostri.it\\\/fr\\\/storia-della-farina\\\/\"},\"author\":{\"name\":\"Manlio Di Paola\",\"@id\":\"https:\\\/\\\/www.saporinostri.it\\\/#\\\/schema\\\/person\\\/a5559b14e291612831a03b4c0d7ebd91\"},\"headline\":\"Storia della farina, chi ha inventato la farina?\",\"datePublished\":\"2022-02-08T16:34:15+00:00\",\"dateModified\":\"2022-02-08T17:15:05+00:00\",\"mainEntityOfPage\":{\"@id\":\"https:\\\/\\\/www.saporinostri.it\\\/fr\\\/storia-della-farina\\\/\"},\"wordCount\":293,\"commentCount\":0,\"publisher\":{\"@id\":\"https:\\\/\\\/www.saporinostri.it\\\/#organization\"},\"image\":{\"@id\":\"https:\\\/\\\/www.saporinostri.it\\\/fr\\\/storia-della-farina\\\/#primaryimage\"},\"thumbnailUrl\":\"https:\\\/\\\/www.saporinostri.it\\\/wp-content\\\/uploads\\\/2022\\\/02\\\/storia-della-farina-scopri-chi-ha-inventato-la-farina-sapori-nostri.jpg\",\"articleSection\":[\"Curiosit\u00e0\"],\"inLanguage\":\"fr-FR\",\"potentialAction\":[{\"@type\":\"CommentAction\",\"name\":\"Comment\",\"target\":[\"https:\\\/\\\/www.saporinostri.it\\\/fr\\\/storia-della-farina\\\/#respond\"]}]},{\"@type\":\"WebPage\",\"@id\":\"https:\\\/\\\/www.saporinostri.it\\\/fr\\\/storia-della-farina\\\/\",\"url\":\"https:\\\/\\\/www.saporinostri.it\\\/fr\\\/storia-della-farina\\\/\",\"name\":\"Storia della farina, chi ha inventato la farina? - Sapori Nostri\",\"isPartOf\":{\"@id\":\"https:\\\/\\\/www.saporinostri.it\\\/#website\"},\"primaryImageOfPage\":{\"@id\":\"https:\\\/\\\/www.saporinostri.it\\\/fr\\\/storia-della-farina\\\/#primaryimage\"},\"image\":{\"@id\":\"https:\\\/\\\/www.saporinostri.it\\\/fr\\\/storia-della-farina\\\/#primaryimage\"},\"thumbnailUrl\":\"https:\\\/\\\/www.saporinostri.it\\\/wp-content\\\/uploads\\\/2022\\\/02\\\/storia-della-farina-scopri-chi-ha-inventato-la-farina-sapori-nostri.jpg\",\"datePublished\":\"2022-02-08T16:34:15+00:00\",\"dateModified\":\"2022-02-08T17:15:05+00:00\",\"description\":\"La storia della farina ha origini lontane, la farina nasce migliaia di anni ed \u00e8 quasi indispensabile per le preparazioni di tutti i giorni\",\"breadcrumb\":{\"@id\":\"https:\\\/\\\/www.saporinostri.it\\\/fr\\\/storia-della-farina\\\/#breadcrumb\"},\"inLanguage\":\"fr-FR\",\"potentialAction\":[{\"@type\":\"ReadAction\",\"target\":[\"https:\\\/\\\/www.saporinostri.it\\\/fr\\\/storia-della-farina\\\/\"]}]},{\"@type\":\"ImageObject\",\"inLanguage\":\"fr-FR\",\"@id\":\"https:\\\/\\\/www.saporinostri.it\\\/fr\\\/storia-della-farina\\\/#primaryimage\",\"url\":\"https:\\\/\\\/www.saporinostri.it\\\/wp-content\\\/uploads\\\/2022\\\/02\\\/storia-della-farina-scopri-chi-ha-inventato-la-farina-sapori-nostri.jpg\",\"contentUrl\":\"https:\\\/\\\/www.saporinostri.it\\\/wp-content\\\/uploads\\\/2022\\\/02\\\/storia-della-farina-scopri-chi-ha-inventato-la-farina-sapori-nostri.jpg\",\"width\":1024,\"height\":531,\"caption\":\"Storia della farina, scopri chi ha inventato la farina - Sapori Nostri\"},{\"@type\":\"BreadcrumbList\",\"@id\":\"https:\\\/\\\/www.saporinostri.it\\\/fr\\\/storia-della-farina\\\/#breadcrumb\",\"itemListElement\":[{\"@type\":\"ListItem\",\"position\":1,\"name\":\"Home\",\"item\":\"https:\\\/\\\/www.saporinostri.it\\\/\"},{\"@type\":\"ListItem\",\"position\":2,\"name\":\"Storia della farina, chi ha inventato la farina?\"}]},{\"@type\":\"WebSite\",\"@id\":\"https:\\\/\\\/www.saporinostri.it\\\/#website\",\"url\":\"https:\\\/\\\/www.saporinostri.it\\\/\",\"name\":\"Sapori Nostri\",\"description\":\"\",\"publisher\":{\"@id\":\"https:\\\/\\\/www.saporinostri.it\\\/#organization\"},\"potentialAction\":[{\"@type\":\"SearchAction\",\"target\":{\"@type\":\"EntryPoint\",\"urlTemplate\":\"https:\\\/\\\/www.saporinostri.it\\\/?s={search_term_string}\"},\"query-input\":{\"@type\":\"PropertyValueSpecification\",\"valueRequired\":true,\"valueName\":\"search_term_string\"}}],\"inLanguage\":\"fr-FR\"},{\"@type\":\"Organization\",\"@id\":\"https:\\\/\\\/www.saporinostri.it\\\/#organization\",\"name\":\"Sapori Nostri\",\"url\":\"https:\\\/\\\/www.saporinostri.it\\\/\",\"logo\":{\"@type\":\"ImageObject\",\"inLanguage\":\"fr-FR\",\"@id\":\"https:\\\/\\\/www.saporinostri.it\\\/#\\\/schema\\\/logo\\\/image\\\/\",\"url\":\"https:\\\/\\\/www.saporinostri.it\\\/wp-content\\\/uploads\\\/2020\\\/05\\\/logo-retina.png\",\"contentUrl\":\"https:\\\/\\\/www.saporinostri.it\\\/wp-content\\\/uploads\\\/2020\\\/05\\\/logo-retina.png\",\"width\":500,\"height\":109,\"caption\":\"Sapori Nostri\"},\"image\":{\"@id\":\"https:\\\/\\\/www.saporinostri.it\\\/#\\\/schema\\\/logo\\\/image\\\/\"},\"sameAs\":[\"https:\\\/\\\/www.facebook.com\\\/saporinostri.it\\\/\",\"https:\\\/\\\/www.instagram.com\\\/saporinostri.it\\\/\"]},{\"@type\":\"Person\",\"@id\":\"https:\\\/\\\/www.saporinostri.it\\\/#\\\/schema\\\/person\\\/a5559b14e291612831a03b4c0d7ebd91\",\"name\":\"Manlio Di Paola\",\"image\":{\"@type\":\"ImageObject\",\"inLanguage\":\"fr-FR\",\"@id\":\"https:\\\/\\\/secure.gravatar.com\\\/avatar\\\/34530845b4578c7824463cfbc9dd0215324120596eb5887c61438299c9501cb3?s=96&d=mm&r=g\",\"url\":\"https:\\\/\\\/secure.gravatar.com\\\/avatar\\\/34530845b4578c7824463cfbc9dd0215324120596eb5887c61438299c9501cb3?s=96&d=mm&r=g\",\"contentUrl\":\"https:\\\/\\\/secure.gravatar.com\\\/avatar\\\/34530845b4578c7824463cfbc9dd0215324120596eb5887c61438299c9501cb3?s=96&d=mm&r=g\",\"caption\":\"Manlio Di Paola\"},\"sameAs\":[\"https:\\\/\\\/www.saporinostri.it\"]}]}<\/script>\n<!-- \/ Yoast SEO Premium plugin. -->","yoast_head_json":{"title":"Histoire de la farine, qui a invent\u00e9 la farine ? - Nos saveurs","description":"L&#039;histoire de la farine a des origines lointaines, la farine est n\u00e9e il y a des milliers d&#039;ann\u00e9es et est presque indispensable pour les pr\u00e9parations quotidiennes","robots":{"index":"index","follow":"follow","max-snippet":"max-snippet:-1","max-image-preview":"max-image-preview:large","max-video-preview":"max-video-preview:-1"},"canonical":"https:\/\/www.saporinostri.it\/fr\/storia-della-farina\/","og_locale":"fr_FR","og_type":"article","og_title":"Storia della farina, chi ha inventato la farina?","og_description":"La storia della farina ha origini lontane, la farina nasce migliaia di anni ed \u00e8 quasi indispensabile per le preparazioni di tutti i giorni","og_url":"https:\/\/www.saporinostri.it\/fr\/storia-della-farina\/","og_site_name":"Sapori Nostri","article_publisher":"https:\/\/www.facebook.com\/saporinostri.it\/","article_published_time":"2022-02-08T16:34:15+00:00","article_modified_time":"2022-02-08T17:15:05+00:00","og_image":[{"width":1024,"height":531,"url":"https:\/\/www.saporinostri.it\/wp-content\/uploads\/2022\/02\/storia-della-farina-scopri-chi-ha-inventato-la-farina-sapori-nostri.jpg","type":"image\/jpeg"}],"author":"Manlio Di Paola","twitter_card":"summary_large_image","twitter_misc":{"\u00c9crit par":"Manlio Di Paola","Dur\u00e9e de lecture estim\u00e9e":"2 minutes"},"schema":{"@context":"https:\/\/schema.org","@graph":[{"@type":"Article","@id":"https:\/\/www.saporinostri.it\/fr\/storia-della-farina\/#article","isPartOf":{"@id":"https:\/\/www.saporinostri.it\/fr\/storia-della-farina\/"},"author":{"name":"Manlio Di Paola","@id":"https:\/\/www.saporinostri.it\/#\/schema\/person\/a5559b14e291612831a03b4c0d7ebd91"},"headline":"Storia della farina, chi ha inventato la farina?","datePublished":"2022-02-08T16:34:15+00:00","dateModified":"2022-02-08T17:15:05+00:00","mainEntityOfPage":{"@id":"https:\/\/www.saporinostri.it\/fr\/storia-della-farina\/"},"wordCount":293,"commentCount":0,"publisher":{"@id":"https:\/\/www.saporinostri.it\/#organization"},"image":{"@id":"https:\/\/www.saporinostri.it\/fr\/storia-della-farina\/#primaryimage"},"thumbnailUrl":"https:\/\/www.saporinostri.it\/wp-content\/uploads\/2022\/02\/storia-della-farina-scopri-chi-ha-inventato-la-farina-sapori-nostri.jpg","articleSection":["Curiosit\u00e0"],"inLanguage":"fr-FR","potentialAction":[{"@type":"CommentAction","name":"Comment","target":["https:\/\/www.saporinostri.it\/fr\/storia-della-farina\/#respond"]}]},{"@type":"WebPage","@id":"https:\/\/www.saporinostri.it\/fr\/storia-della-farina\/","url":"https:\/\/www.saporinostri.it\/fr\/storia-della-farina\/","name":"Histoire de la farine, qui a invent\u00e9 la farine ? - Nos saveurs","isPartOf":{"@id":"https:\/\/www.saporinostri.it\/#website"},"primaryImageOfPage":{"@id":"https:\/\/www.saporinostri.it\/fr\/storia-della-farina\/#primaryimage"},"image":{"@id":"https:\/\/www.saporinostri.it\/fr\/storia-della-farina\/#primaryimage"},"thumbnailUrl":"https:\/\/www.saporinostri.it\/wp-content\/uploads\/2022\/02\/storia-della-farina-scopri-chi-ha-inventato-la-farina-sapori-nostri.jpg","datePublished":"2022-02-08T16:34:15+00:00","dateModified":"2022-02-08T17:15:05+00:00","description":"L&#039;histoire de la farine a des origines lointaines, la farine est n\u00e9e il y a des milliers d&#039;ann\u00e9es et est presque indispensable pour les pr\u00e9parations quotidiennes","breadcrumb":{"@id":"https:\/\/www.saporinostri.it\/fr\/storia-della-farina\/#breadcrumb"},"inLanguage":"fr-FR","potentialAction":[{"@type":"ReadAction","target":["https:\/\/www.saporinostri.it\/fr\/storia-della-farina\/"]}]},{"@type":"ImageObject","inLanguage":"fr-FR","@id":"https:\/\/www.saporinostri.it\/fr\/storia-della-farina\/#primaryimage","url":"https:\/\/www.saporinostri.it\/wp-content\/uploads\/2022\/02\/storia-della-farina-scopri-chi-ha-inventato-la-farina-sapori-nostri.jpg","contentUrl":"https:\/\/www.saporinostri.it\/wp-content\/uploads\/2022\/02\/storia-della-farina-scopri-chi-ha-inventato-la-farina-sapori-nostri.jpg","width":1024,"height":531,"caption":"Storia della farina, scopri chi ha inventato la farina - Sapori Nostri"},{"@type":"BreadcrumbList","@id":"https:\/\/www.saporinostri.it\/fr\/storia-della-farina\/#breadcrumb","itemListElement":[{"@type":"ListItem","position":1,"name":"Home","item":"https:\/\/www.saporinostri.it\/"},{"@type":"ListItem","position":2,"name":"Storia della farina, chi ha inventato la farina?"}]},{"@type":"WebSite","@id":"https:\/\/www.saporinostri.it\/#website","url":"https:\/\/www.saporinostri.it\/","name":"Sapori Nostri","description":"","publisher":{"@id":"https:\/\/www.saporinostri.it\/#organization"},"potentialAction":[{"@type":"SearchAction","target":{"@type":"EntryPoint","urlTemplate":"https:\/\/www.saporinostri.it\/?s={search_term_string}"},"query-input":{"@type":"PropertyValueSpecification","valueRequired":true,"valueName":"search_term_string"}}],"inLanguage":"fr-FR"},{"@type":"Organization","@id":"https:\/\/www.saporinostri.it\/#organization","name":"Sapori Nostri","url":"https:\/\/www.saporinostri.it\/","logo":{"@type":"ImageObject","inLanguage":"fr-FR","@id":"https:\/\/www.saporinostri.it\/#\/schema\/logo\/image\/","url":"https:\/\/www.saporinostri.it\/wp-content\/uploads\/2020\/05\/logo-retina.png","contentUrl":"https:\/\/www.saporinostri.it\/wp-content\/uploads\/2020\/05\/logo-retina.png","width":500,"height":109,"caption":"Sapori Nostri"},"image":{"@id":"https:\/\/www.saporinostri.it\/#\/schema\/logo\/image\/"},"sameAs":["https:\/\/www.facebook.com\/saporinostri.it\/","https:\/\/www.instagram.com\/saporinostri.it\/"]},{"@type":"Person","@id":"https:\/\/www.saporinostri.it\/#\/schema\/person\/a5559b14e291612831a03b4c0d7ebd91","name":"Manlio Di Paola","image":{"@type":"ImageObject","inLanguage":"fr-FR","@id":"https:\/\/secure.gravatar.com\/avatar\/34530845b4578c7824463cfbc9dd0215324120596eb5887c61438299c9501cb3?s=96&d=mm&r=g","url":"https:\/\/secure.gravatar.com\/avatar\/34530845b4578c7824463cfbc9dd0215324120596eb5887c61438299c9501cb3?s=96&d=mm&r=g","contentUrl":"https:\/\/secure.gravatar.com\/avatar\/34530845b4578c7824463cfbc9dd0215324120596eb5887c61438299c9501cb3?s=96&d=mm&r=g","caption":"Manlio Di Paola"},"sameAs":["https:\/\/www.saporinostri.it"]}]}},"jetpack_featured_media_url":"https:\/\/www.saporinostri.it\/wp-content\/uploads\/2022\/02\/storia-della-farina-scopri-chi-ha-inventato-la-farina-sapori-nostri.jpg","jetpack_sharing_enabled":true,"_links":{"self":[{"href":"https:\/\/www.saporinostri.it\/fr\/wp-json\/wp\/v2\/posts\/17662","targetHints":{"allow":["GET"]}}],"collection":[{"href":"https:\/\/www.saporinostri.it\/fr\/wp-json\/wp\/v2\/posts"}],"about":[{"href":"https:\/\/www.saporinostri.it\/fr\/wp-json\/wp\/v2\/types\/post"}],"author":[{"embeddable":true,"href":"https:\/\/www.saporinostri.it\/fr\/wp-json\/wp\/v2\/users\/1"}],"replies":[{"embeddable":true,"href":"https:\/\/www.saporinostri.it\/fr\/wp-json\/wp\/v2\/comments?post=17662"}],"version-history":[{"count":0,"href":"https:\/\/www.saporinostri.it\/fr\/wp-json\/wp\/v2\/posts\/17662\/revisions"}],"wp:featuredmedia":[{"embeddable":true,"href":"https:\/\/www.saporinostri.it\/fr\/wp-json\/wp\/v2\/media\/17664"}],"wp:attachment":[{"href":"https:\/\/www.saporinostri.it\/fr\/wp-json\/wp\/v2\/media?parent=17662"}],"wp:term":[{"taxonomy":"category","embeddable":true,"href":"https:\/\/www.saporinostri.it\/fr\/wp-json\/wp\/v2\/categories?post=17662"},{"taxonomy":"post_tag","embeddable":true,"href":"https:\/\/www.saporinostri.it\/fr\/wp-json\/wp\/v2\/tags?post=17662"}],"curies":[{"name":"wp","href":"https:\/\/api.w.org\/{rel}","templated":true}]}}